{"id":82280,"date":"2022-02-09T14:24:31","date_gmt":"2022-02-09T17:24:31","guid":{"rendered":"https:\/\/www.actualidadadiario.com\/?p=82280"},"modified":"2022-02-09T14:24:31","modified_gmt":"2022-02-09T17:24:31","slug":"el-tribunal-de-cuentas-rediseno-el-sistema-renditivo-de-la-direccion-provincial-de-vialidad","status":"publish","type":"post","link":"https:\/\/www.actualidadadiario.com\/index.php\/2022\/02\/09\/el-tribunal-de-cuentas-rediseno-el-sistema-renditivo-de-la-direccion-provincial-de-vialidad\/","title":{"rendered":"El Tribunal de Cuentas redise\u00f1\u00f3 el sistema renditivo de la Direcci\u00f3n Provincial de Vialidad"},"content":{"rendered":"<p style=\"text-align: center;\"><em><strong>Ahora, la responsabilidad renditiva no solo ser\u00e1 de la directora administradora y del director de administraci\u00f3n y finanzas de Vialidad Provincial; tambi\u00e9n del director sub-administrador, del secretario coordinador de administraci\u00f3n y finanzas, del director de mantenimiento, del director de obras por administraci\u00f3n, del director de conservaci\u00f3n vial, de los jefes zonales, de los jefes de canteras, y otros<\/strong><\/em><\/p>\n<p>&nbsp;<\/p>\n<p>&nbsp;<\/p>\n<p>&nbsp;<\/p>\n<p>El presidente del Tribunal de Cuentas de Entre R\u00edos (TCER), Diego Lara, y los vocales Mar\u00eda de los \u00c1ngeles Moia y Jos\u00e9 Luis Gea S\u00e1nchez; acompa\u00f1ados por la fiscal de Cuentas del TCER competente en la DPV, Nanci Vinagre; y por el secretario de Vocal\u00eda N\u00ba 3 del TCER, Dami\u00e1n Zof, recibieron al director subadministrador de la Direcci\u00f3n Provincial de Vialidad (DPV), Leonardo Cerneaux; para llevar adelante el acto de rubrica del nuevo sistema renditivo de la Direcci\u00f3n Provincial de Vialidad.<\/p>\n<p>Este nuevo andamiaje normativo viene a reemplazar la Acordada Renditiva del a\u00f1o 2015, la cual determinaba como responsables renditivos a la directora administradora y al director de administraci\u00f3n y finanzas, siendo estos funcionarios quienes concentraban todas las obligaciones por los fondos que administren personalmente o a trav\u00e9s de subresponsables.<\/p>\n<p>En pos de lograr mayor eficacia y eficiencia a la hora de controlar las cuentas p\u00fablicas, el principal \u00f3rgano de control de los fondos p\u00fablicos entrerrianos resolvi\u00f3 actualizar la Acordada Renditiva N\u00b0 273\/15, que hace siete a\u00f1os hab\u00eda determinado solo dos responsables renditivos por parte de Vialidad Provincial.<\/p>\n<p>Ahora, de acuerdo a las dos nuevas normas, las Acordadas N\u00b0307\/21 y N\u00b0308\/21, la responsabilidad renditiva no solo ser\u00e1 de la directora administradora y del director de administraci\u00f3n y finanzas de Vialidad Provincial; tambi\u00e9n el director sub-administrador, el secretario coordinador de administraci\u00f3n y finanzas, el director de mantenimiento, el director de obras por administraci\u00f3n, el director de conservaci\u00f3n vial, los jefes zonales, los jefes de canteras y los respectivos habilitados contables, los tesoreros, y los secretarios econ\u00f3micos financieros.<\/p>\n<p>Al respecto el presidente del Tribunal de Cuentas, Diego Lara, manifest\u00f3: &#8220;Hace un tiempo nos reunimos con la directora de la DPV, Alicia Ben\u00edtez; y tomamos la decisi\u00f3n de comenzar a trabajar en la actualizaci\u00f3n del andamiaje normativo y adecuar la Acordada Renditiva a la nueva realidad institucional de vialidad&#8221;.<\/p>\n<p>&#8220;Luego de un trabajo articulado entre distintas \u00e1reas del Tribunal, para redise\u00f1ar la normativa del sistema de control que el organismo tiene sobre las erogaciones de la DPV, hoy hemos concluido el trabajo de generar dos nuevas Acordadas Renditivas que respondan a la realidad actual, redefiniendo los alcances normativos y renditivos; estableciendo nuevas pautas y requerimientos a tener en cuenta, adem\u00e1s de diferentes per\u00edodos renditivos, e incorporando nuevos responsables renditivos a los ya existentes&#8221;, explic\u00f3.<\/p>\n<p>M\u00e1s tarde, Lara destac\u00f3: &#8220;De esta manera estamos fortaleciendo el control externo que realizamos desde el Tribunal de Cuentas; mejorando los procesos administrativos y estableciendo un nuevo paradigma en lo que respecta a la rendici\u00f3n de cuentas de la DPV ante el Tribunal&#8221;.<\/p>\n<p>Finalmente, el Presidente del TCER se\u00f1al\u00f3 que &#8220;todo esto forma parte de un proceso de modernizaci\u00f3n iniciado en el organismo, en pos de lograr mayor eficacia y eficiencia a la hora de controlar las cuentas p\u00fablicas&#8221;.<\/p>\n<p>&nbsp;<\/p>\n<p><strong>Mayor transparencia y eficacia<\/strong><\/p>\n<p>Por su parte, el director subadministrador de la Direcci\u00f3n Provincial de Vialidad (DPV), Leonardo Cerneaux, consider\u00f3: &#8220;Hoy estamos dando un paso de vital importancia para garantizar un manejo de los fondos p\u00fablicos transparente y eficaz. Venimos hablando desde hace un tiempo con las autoridades y el personal del Tribunal de Cuentas acerca de la necesidad de actualizar la Acordada Renditiva. Esta adecuaci\u00f3n se adapta al presente de la DPV, luego de ciertos cambios en el organigrama, como as\u00ed tambi\u00e9n en determinados procedimientos, que marcan una realidad muy distinta a la de 7 a\u00f1os atr\u00e1s\u201d.<\/p>\n<p>&#8220;Siempre hemos puesto el foco en la importancia del cuidado y la optimizaci\u00f3n de los recursos provinciales, sin dejar de tener en cuenta el desarrollo o descentralizaci\u00f3n territorial de la DPV, la cual es necesaria para cumplir con las tareas que nos son propias&#8221;, dijo Cerneaux.<\/p>\n<p>En este marco se\u00f1al\u00f3: &#8220;Este nuevo andamiaje normativo se adec\u00faa a nuestras actuales necesidades; y este marco de modernizaci\u00f3n, que se adapta tambi\u00e9n a los objetivos del TCER y de la Provincia, propiciar\u00e1 una mayor eficacia y eficiencia en el uso de los recursos p\u00fablicos de todos los entrerrianos&#8221;.<\/p>\n","protected":false},"excerpt":{"rendered":"<p>Ahora, la responsabilidad renditiva no solo ser\u00e1 de la directora administradora y del director de administraci\u00f3n y finanzas de Vialidad Provincial; tambi\u00e9n del director sub-administrador, del secretario coordinador de administraci\u00f3n y finanzas, del director de mantenimiento, del director de obras por administraci\u00f3n, del director de conservaci\u00f3n vial, de los jefes zonales, de los jefes de canteras, y otros &nbsp; &nbsp; &nbsp; El presidente del Tribunal de Cuentas de Entre R\u00edos (TCER), Diego Lara, y los vocales Mar\u00eda de los \u00c1ngeles Moia y Jos\u00e9 Luis Gea S\u00e1nchez; acompa\u00f1ados por la fiscal&#8230;<\/p>\n","protected":false},"author":3,"featured_media":82281,"comment_status":"closed","ping_status":"closed","sticky":false,"template":"","format":"standard","meta":[],"categories":[15],"tags":[],"_links":{"self":[{"href":"https:\/\/www.actualidadadiario.com\/index.php\/wp-json\/wp\/v2\/posts\/82280"}],"collection":[{"href":"https:\/\/www.actualidadadiario.com\/index.php\/wp-json\/wp\/v2\/posts"}],"about":[{"href":"https:\/\/www.actualidadadiario.com\/index.php\/wp-json\/wp\/v2\/types\/post"}],"author":[{"embeddable":true,"href":"https:\/\/www.actualidadadiario.com\/index.php\/wp-json\/wp\/v2\/users\/3"}],"replies":[{"embeddable":true,"href":"https:\/\/www.actualidadadiario.com\/index.php\/wp-json\/wp\/v2\/comments?post=82280"}],"version-history":[{"count":1,"href":"https:\/\/www.actualidadadiario.com\/index.php\/wp-json\/wp\/v2\/posts\/82280\/revisions"}],"predecessor-version":[{"id":82282,"href":"https:\/\/www.actualidadadiario.com\/index.php\/wp-json\/wp\/v2\/posts\/82280\/revisions\/82282"}],"wp:featuredmedia":[{"embeddable":true,"href":"https:\/\/www.actualidadadiario.com\/index.php\/wp-json\/wp\/v2\/media\/82281"}],"wp:attachment":[{"href":"https:\/\/www.actualidadadiario.com\/index.php\/wp-json\/wp\/v2\/media?parent=82280"}],"wp:term":[{"taxonomy":"category","embeddable":true,"href":"https:\/\/www.actualidadadiario.com\/index.php\/wp-json\/wp\/v2\/categories?post=82280"},{"taxonomy":"post_tag","embeddable":true,"href":"https:\/\/www.actualidadadiario.com\/index.php\/wp-json\/wp\/v2\/tags?post=82280"}],"curies":[{"name":"wp","href":"https:\/\/api.w.org\/{rel}","templated":true}]}}