{"id":82277,"date":"2022-02-09T14:23:45","date_gmt":"2022-02-09T17:23:45","guid":{"rendered":"https:\/\/www.actualidadadiario.com\/?p=82277"},"modified":"2022-02-09T14:23:45","modified_gmt":"2022-02-09T17:23:45","slug":"acuerdo-con-el-fmi-el-pro-define-su-postura-y-la-ucr-ratifica-respaldo","status":"publish","type":"post","link":"https:\/\/www.actualidadadiario.com\/index.php\/2022\/02\/09\/acuerdo-con-el-fmi-el-pro-define-su-postura-y-la-ucr-ratifica-respaldo\/","title":{"rendered":"Acuerdo con el FMI: el PRO define su postura y la UCR ratifica respaldo"},"content":{"rendered":"<p style=\"text-align: center;\"><em><strong>Las principales figuras de Juntos por el Cambio (JxC) se ver\u00e1n las caras ma\u00f1ana por la tarde en la localidad bonaerense de Olivos, en el norte del conurbano. En la previa habr\u00e1 reuni\u00f3n del PRO, mientras que el radicalismo volvi\u00f3 a respaldar el entendimiento<\/strong><\/em><\/p>\n<p>&nbsp;<\/p>\n<p>&nbsp;<\/p>\n<p>Las principales figuras de Juntos por el Cambio (JxC) se ver\u00e1n las caras ma\u00f1ana por la tarde en la localidad bonaerense de Olivos, en el norte del conurbano, para unificar posturas legislativas e intentar bajar las tensiones entre los distintos sectores.<\/p>\n<p>A la cita, que puertas adentro dieron en llamar un retiro, asistir\u00e1n los principales referentes de la coalici\u00f3n opositora, como Mauricio Macri, Horacio Rodr\u00edguez Larreta, Gerardo Morales, Gustavo Vald\u00e9s y Patricia Bullrich, entre otros, informaron fuentes de la coalici\u00f3n opositora.<\/p>\n<p>El encuentro tendr\u00e1 una duraci\u00f3n de cinco horas -entre las 13 y las 18- y ser\u00e1 una oportunidad de unificar posturas -ante el debate parlamentario por el acuerdo con el FMI, entre otras cuestiones- y tambi\u00e9n aplacar tensiones entre los distintos sectores.<\/p>\n<p>A la espera del encuentro de la mesa nacional, el titular del bloque Frente PRO, Cristian Ritondo, indic\u00f3 que hoy habr\u00e1 una reuni\u00f3n de esa bancada para &#8220;tomar una decisi\u00f3n de bloque&#8221; luego de escuchar al exministro de Econom\u00eda Hern\u00e1n Lacunza y al vicepresidente de la Comisi\u00f3n de Presupuesto, el santafesino Luciano Laspina.<\/p>\n<p>En tanto, varios dirigentes de la UCR se mostraron favorables a respaldar el acuerdo como el presidente del radicalismo Gerardo Morales y el jefe de la bancada de la UCR en Diputados Mario Negri, aunque ambos le pidieron al Gobierno que difunda &#8220;la letra chica del texto&#8221; acordado para renegociar los vencimientos de la deuda contra\u00edda por Mauricio Macri.<\/p>\n<p>El 2022 comenz\u00f3 para Juntos por el Cambio con un adelantamiento de los tiempos electorales, en el sentido de que los posibles presidenciables del espacio ya comenzaron a desplegar sus estrategias.<\/p>\n<p>En este sentido, Horacio Rodr\u00edguez Larreta ya organiz\u00f3 su mesa pol\u00edtica que lo acompa\u00f1ar\u00e1 hacia ese objetivo, encabezada por Diego Santilli y Jorge Macri, y comenzar\u00e1 a recorrer el pa\u00eds.<\/p>\n<p>Estos recorridos tambi\u00e9n ya comenzaron para Patricia Bullrich, quien se mostr\u00f3 en la Costa Atl\u00e1ntica y seguir\u00e1 su marcha por otros puntos de la Argentina.<\/p>\n<p>Tambi\u00e9n comenz\u00f3 a organizar sus equipos t\u00e9cnicos el gobernador de Jujuy, Gerardo Morales, quien tambi\u00e9n est\u00e1 dando sus primeros pasos como nuevo titular del Comit\u00e9 Nacional de la UCR.<\/p>\n<p>Tras dos meses de tensiones internas luego de los comicios legislativos del a\u00f1o pasado, la Mesa Nacional de Juntos por el Cambio logr\u00f3 en el \u00faltimo mes que la coalici\u00f3n tuviera posturas unificadas, tanto en la cuesti\u00f3n del acuerdo con el Fondo como ante los cambios que pidi\u00f3 la Corte Suprema de Justicia de la Naci\u00f3n en torno al Consejo de la Magistratura.<\/p>\n<p>Sobre el entendimiento con el FMI, anunciado por el presidente Alberto Fern\u00e1ndez, la oposici\u00f3n prometi\u00f3 en un documento analizar el acuerdo, pero pidi\u00f3 m\u00e1s precisiones sobre su contenido.<\/p>\n<p>En torno a los cambios solicitados por el m\u00e1ximo tribunal en relaci\u00f3n a la composici\u00f3n del Consejo de la Magistratura, la Mesa Nacional de Juntos por el Cambio anunci\u00f3 que trabajan en un proyecto unificado entre las distintas fuerzas que integran el espacio opositor.<\/p>\n","protected":false},"excerpt":{"rendered":"<p>Las principales figuras de Juntos por el Cambio (JxC) se ver\u00e1n las caras ma\u00f1ana por la tarde en la localidad bonaerense de Olivos, en el norte del conurbano. En la previa habr\u00e1 reuni\u00f3n del PRO, mientras que el radicalismo volvi\u00f3 a respaldar el entendimiento &nbsp; &nbsp; Las principales figuras de Juntos por el Cambio (JxC) se ver\u00e1n las caras ma\u00f1ana por la tarde en la localidad bonaerense de Olivos, en el norte del conurbano, para unificar posturas legislativas e intentar bajar las tensiones entre los distintos sectores. A la cita,&#8230;<\/p>\n","protected":false},"author":3,"featured_media":82278,"comment_status":"closed","ping_status":"closed","sticky":false,"template":"","format":"standard","meta":[],"categories":[18],"tags":[],"_links":{"self":[{"href":"https:\/\/www.actualidadadiario.com\/index.php\/wp-json\/wp\/v2\/posts\/82277"}],"collection":[{"href":"https:\/\/www.actualidadadiario.com\/index.php\/wp-json\/wp\/v2\/posts"}],"about":[{"href":"https:\/\/www.actualidadadiario.com\/index.php\/wp-json\/wp\/v2\/types\/post"}],"author":[{"embeddable":true,"href":"https:\/\/www.actualidadadiario.com\/index.php\/wp-json\/wp\/v2\/users\/3"}],"replies":[{"embeddable":true,"href":"https:\/\/www.actualidadadiario.com\/index.php\/wp-json\/wp\/v2\/comments?post=82277"}],"version-history":[{"count":1,"href":"https:\/\/www.actualidadadiario.com\/index.php\/wp-json\/wp\/v2\/posts\/82277\/revisions"}],"predecessor-version":[{"id":82279,"href":"https:\/\/www.actualidadadiario.com\/index.php\/wp-json\/wp\/v2\/posts\/82277\/revisions\/82279"}],"wp:featuredmedia":[{"embeddable":true,"href":"https:\/\/www.actualidadadiario.com\/index.php\/wp-json\/wp\/v2\/media\/82278"}],"wp:attachment":[{"href":"https:\/\/www.actualidadadiario.com\/index.php\/wp-json\/wp\/v2\/media?parent=82277"}],"wp:term":[{"taxonomy":"category","embeddable":true,"href":"https:\/\/www.actualidadadiario.com\/index.php\/wp-json\/wp\/v2\/categories?post=82277"},{"taxonomy":"post_tag","embeddable":true,"href":"https:\/\/www.actualidadadiario.com\/index.php\/wp-json\/wp\/v2\/tags?post=82277"}],"curies":[{"name":"wp","href":"https:\/\/api.w.org\/{rel}","templated":true}]}}