{"id":82274,"date":"2022-02-09T14:22:30","date_gmt":"2022-02-09T17:22:30","guid":{"rendered":"https:\/\/www.actualidadadiario.com\/?p=82274"},"modified":"2022-02-09T14:22:30","modified_gmt":"2022-02-09T17:22:30","slug":"encabezado-por-vizzotti-el-consejo-federal-de-salud-evalua-situacion-epidemiologica-y-vacunacion","status":"publish","type":"post","link":"https:\/\/www.actualidadadiario.com\/index.php\/2022\/02\/09\/encabezado-por-vizzotti-el-consejo-federal-de-salud-evalua-situacion-epidemiologica-y-vacunacion\/","title":{"rendered":"Encabezado por Vizzotti, el Consejo Federal de Salud eval\u00faa situaci\u00f3n epidemiol\u00f3gica y vacunaci\u00f3n"},"content":{"rendered":"<p style=\"text-align: center;\"><em><strong>Participan tambi\u00e9n el subsecretario de Estrategias Sanitarias, Juan Manuel Castelli, y el director de Epidemiolog\u00eda, Carlos Giovaccini, quienes abordar\u00e1n la actual situaci\u00f3n<\/strong><\/em><\/p>\n<p>&nbsp;<\/p>\n<p>&nbsp;<\/p>\n<p>La ministra de Salud, Carla Vizzotti, encabezaba este mi\u00e9rcoles un encuentro del Consejo Federal de Salud (Cofesa), que nuclea a sus pares de todas las provincias, para analizar la situaci\u00f3n epidemiol\u00f3gica por la pandemia de coronavirus y los avances en la vacunaci\u00f3n, junto a temas vinculados a la salud mental y la pol\u00edtica de medicamentos, seg\u00fan informaron fuentes oficiales.<\/p>\n<p>En la reuni\u00f3n, que comenz\u00f3 a las 8 en el Palacio San Mart\u00edn, participan tambi\u00e9n el subsecretario de Estrategias Sanitarias, Juan Manuel Castelli, y el director de Epidemiolog\u00eda, Carlos Giovaccini.<\/p>\n<p>Ambos funcionarios abordar\u00e1n la actual situaci\u00f3n epidemiol\u00f3gica y la vacunaci\u00f3n, que el Gobierno considera crucial de cara al inicio del ciclo lectivo.<\/p>\n<p>En tanto, el jueves est\u00e1 previsto un encuentro conjunto de Cofesa y el Consejo Federal de Educaci\u00f3n (CFE) para definir el protocolo Aula Segura para el nivel inicial, primario y secundario de cara al inicio del ciclo lectivo, que incluir\u00e1 recomendaciones en el contexto de la pandemia.<\/p>\n<p>Otros temas del encuentro de este mi\u00e9rcoles ser\u00e1n el abordaje de la salud mental con perspectiva federal, a cargo de la subsecretaria de Gesti\u00f3n de Servicios e Institutos, Edith Benedetti; y la situaci\u00f3n de los Hospitales P\u00fablicos de Gesti\u00f3n Descentralizada (HPGD), que abordar\u00e1 el subsecretario de Calidad, Regulaci\u00f3n y Fiscalizaci\u00f3n, Alejandro Costa.<\/p>\n<p>Adem\u00e1s, los ministros analizar\u00e1n la pol\u00edtica nacional de medicamentos y convenios entre el Banco de Drogas y las provincias, que tratar\u00e1 la subsecretaria de Medicamentos e Informaci\u00f3n Estrat\u00e9gica, Natalia Grinblat.<\/p>\n<p>Por otro lado, el senador Pablo Yedlin disertar\u00e1 sobre el proyecto de ley de Salud P\u00fablica contemplado en las sesiones extraordinarias del Congreso.<\/p>\n<p>Por \u00faltimo, el director del Anlis-Malbr\u00e1n, Pascual Fidelio, explicar\u00e1 los avances de la distribuci\u00f3n federal de equipos de gen\u00f3mica.<\/p>\n","protected":false},"excerpt":{"rendered":"<p>Participan tambi\u00e9n el subsecretario de Estrategias Sanitarias, Juan Manuel Castelli, y el director de Epidemiolog\u00eda, Carlos Giovaccini, quienes abordar\u00e1n la actual situaci\u00f3n &nbsp; &nbsp; La ministra de Salud, Carla Vizzotti, encabezaba este mi\u00e9rcoles un encuentro del Consejo Federal de Salud (Cofesa), que nuclea a sus pares de todas las provincias, para analizar la situaci\u00f3n epidemiol\u00f3gica por la pandemia de coronavirus y los avances en la vacunaci\u00f3n, junto a temas vinculados a la salud mental y la pol\u00edtica de medicamentos, seg\u00fan informaron fuentes oficiales. En la reuni\u00f3n, que comenz\u00f3 a las&#8230;<\/p>\n","protected":false},"author":3,"featured_media":82275,"comment_status":"closed","ping_status":"closed","sticky":false,"template":"","format":"standard","meta":[],"categories":[18],"tags":[],"_links":{"self":[{"href":"https:\/\/www.actualidadadiario.com\/index.php\/wp-json\/wp\/v2\/posts\/82274"}],"collection":[{"href":"https:\/\/www.actualidadadiario.com\/index.php\/wp-json\/wp\/v2\/posts"}],"about":[{"href":"https:\/\/www.actualidadadiario.com\/index.php\/wp-json\/wp\/v2\/types\/post"}],"author":[{"embeddable":true,"href":"https:\/\/www.actualidadadiario.com\/index.php\/wp-json\/wp\/v2\/users\/3"}],"replies":[{"embeddable":true,"href":"https:\/\/www.actualidadadiario.com\/index.php\/wp-json\/wp\/v2\/comments?post=82274"}],"version-history":[{"count":1,"href":"https:\/\/www.actualidadadiario.com\/index.php\/wp-json\/wp\/v2\/posts\/82274\/revisions"}],"predecessor-version":[{"id":82276,"href":"https:\/\/www.actualidadadiario.com\/index.php\/wp-json\/wp\/v2\/posts\/82274\/revisions\/82276"}],"wp:featuredmedia":[{"embeddable":true,"href":"https:\/\/www.actualidadadiario.com\/index.php\/wp-json\/wp\/v2\/media\/82275"}],"wp:attachment":[{"href":"https:\/\/www.actualidadadiario.com\/index.php\/wp-json\/wp\/v2\/media?parent=82274"}],"wp:term":[{"taxonomy":"category","embeddable":true,"href":"https:\/\/www.actualidadadiario.com\/index.php\/wp-json\/wp\/v2\/categories?post=82274"},{"taxonomy":"post_tag","embeddable":true,"href":"https:\/\/www.actualidadadiario.com\/index.php\/wp-json\/wp\/v2\/tags?post=82274"}],"curies":[{"name":"wp","href":"https:\/\/api.w.org\/{rel}","templated":true}]}}