{"id":82269,"date":"2022-02-09T14:17:15","date_gmt":"2022-02-09T17:17:15","guid":{"rendered":"https:\/\/www.actualidadadiario.com\/?p=82269"},"modified":"2022-02-09T14:17:15","modified_gmt":"2022-02-09T17:17:15","slug":"alberto-fernandez-regreso-al-pais-tras-su-gira-por-rusia-china-y-barbados","status":"publish","type":"post","link":"https:\/\/www.actualidadadiario.com\/index.php\/2022\/02\/09\/alberto-fernandez-regreso-al-pais-tras-su-gira-por-rusia-china-y-barbados\/","title":{"rendered":"Alberto Fern\u00e1ndez regres\u00f3 al pa\u00eds tras su gira por Rusia, China y Barbados"},"content":{"rendered":"<p style=\"text-align: center;\"><em><strong>El presidente Alberto Fern\u00e1ndez arrib\u00f3 hoy cerca de las dos de la madrugada al pa\u00eds, procedente de Barbados, \u00faltima escala de su gira por Rusia y China, iniciada el jueves pasado, pa\u00edses en los que mantuvo entrevistas con sus mandatarios y firm\u00f3 diversos convenios<\/strong><\/em><\/p>\n<p>&nbsp;<\/p>\n<p>&nbsp;<\/p>\n<p>El presidente Alberto Fern\u00e1ndez arrib\u00f3 hoy cerca de las dos de la madrugada al pa\u00eds, procedente de Barbados, \u00faltima escala de su gira por Rusia y China, iniciada el jueves pasado, pa\u00edses en los que mantuvo entrevistas con sus mandatarios y firm\u00f3 diversos convenios.<\/p>\n<p>Ayer, en Barbados, el jefe de Estado se entrevist\u00f3 con la primera ministra de la isla caribe\u00f1a, M\u00eda Mottley, reuni\u00f3n en la que estren\u00f3 su cargo de presidente pro t\u00e9mpore de la Comunidad de Estados Latinoamericanos y Caribe\u00f1os (Celac).<\/p>\n<p>Barbados fue uno de los pa\u00edses que apoy\u00f3 la presidencia de la Argentina en ese foro regional americano.<\/p>\n<p>Fern\u00e1ndez y Mottley analizaron en Bridgetown, la capital, diversos aspectos del v\u00ednculo bilateral y regional y expresaron la necesidad de &#8220;fortalecer la relaci\u00f3n estrat\u00e9gica&#8221; entre Am\u00e9rica Latina y el Caribe, as\u00ed como la cooperaci\u00f3n ante los desaf\u00edos que impone la lucha contra el cambio clim\u00e1tico, cuyas consecuencias son m\u00e1s severas en la zona caribe\u00f1a.<\/p>\n<p>Adem\u00e1s, en la bilateral con Mottley, el Presidente reafirm\u00f3 su conocida postura de profundizar los v\u00ednculos multilaterales y la necesidad de avanzar en un redise\u00f1o de la arquitectura financiera internacional, para aliviar los problemas del endeudamiento externo en los pa\u00edses de renta media y baja.<\/p>\n<p>Al respecto, Fern\u00e1ndez le agradeci\u00f3 a Mottley el apoyo recibido por parte de Barbados y dem\u00e1s pa\u00edses caribe\u00f1os en la negociaci\u00f3n que la Argentina lleva adelante con el FMI.<\/p>\n<p>Tambi\u00e9n se refirieron al establecimiento del Fondo de Adaptaci\u00f3n Clim\u00e1tica y Respuesta Integral a Desastres de la Celac, y, en este punto, destacaron la colaboraci\u00f3n en marcha entre Cascos Blancos de Argentina y la Agencia Caribe\u00f1a de Manejo de Emergencias ante Desastres.<\/p>\n<p>Asimismo, en el transcurso de la reuni\u00f3n, Fern\u00e1ndez le agradeci\u00f3 a la primera ministra el &#8220;acompa\u00f1amiento&#8221; de Barbados al consenso alcanzado en la Celac respecto a la Cuesti\u00f3n Malvinas, islas usurpadas por el Reino Unido en 1833.<\/p>\n<p>Previamente, Fern\u00e1ndez hab\u00eda visitado Rusia, donde el jueves se entrevist\u00f3 con su par Vladimir Putin, y luego fue a China, donde se reuni\u00f3 con el presidente Xi Jinnping, entre otras actividades, que incluyeron firma de convenios de cooperaci\u00f3n.<\/p>\n","protected":false},"excerpt":{"rendered":"<p>El presidente Alberto Fern\u00e1ndez arrib\u00f3 hoy cerca de las dos de la madrugada al pa\u00eds, procedente de Barbados, \u00faltima escala de su gira por Rusia y China, iniciada el jueves pasado, pa\u00edses en los que mantuvo entrevistas con sus mandatarios y firm\u00f3 diversos convenios &nbsp; &nbsp; El presidente Alberto Fern\u00e1ndez arrib\u00f3 hoy cerca de las dos de la madrugada al pa\u00eds, procedente de Barbados, \u00faltima escala de su gira por Rusia y China, iniciada el jueves pasado, pa\u00edses en los que mantuvo entrevistas con sus mandatarios y firm\u00f3 diversos convenios&#8230;.<\/p>\n","protected":false},"author":3,"featured_media":82126,"comment_status":"closed","ping_status":"closed","sticky":false,"template":"","format":"standard","meta":[],"categories":[18],"tags":[],"_links":{"self":[{"href":"https:\/\/www.actualidadadiario.com\/index.php\/wp-json\/wp\/v2\/posts\/82269"}],"collection":[{"href":"https:\/\/www.actualidadadiario.com\/index.php\/wp-json\/wp\/v2\/posts"}],"about":[{"href":"https:\/\/www.actualidadadiario.com\/index.php\/wp-json\/wp\/v2\/types\/post"}],"author":[{"embeddable":true,"href":"https:\/\/www.actualidadadiario.com\/index.php\/wp-json\/wp\/v2\/users\/3"}],"replies":[{"embeddable":true,"href":"https:\/\/www.actualidadadiario.com\/index.php\/wp-json\/wp\/v2\/comments?post=82269"}],"version-history":[{"count":1,"href":"https:\/\/www.actualidadadiario.com\/index.php\/wp-json\/wp\/v2\/posts\/82269\/revisions"}],"predecessor-version":[{"id":82270,"href":"https:\/\/www.actualidadadiario.com\/index.php\/wp-json\/wp\/v2\/posts\/82269\/revisions\/82270"}],"wp:featuredmedia":[{"embeddable":true,"href":"https:\/\/www.actualidadadiario.com\/index.php\/wp-json\/wp\/v2\/media\/82126"}],"wp:attachment":[{"href":"https:\/\/www.actualidadadiario.com\/index.php\/wp-json\/wp\/v2\/media?parent=82269"}],"wp:term":[{"taxonomy":"category","embeddable":true,"href":"https:\/\/www.actualidadadiario.com\/index.php\/wp-json\/wp\/v2\/categories?post=82269"},{"taxonomy":"post_tag","embeddable":true,"href":"https:\/\/www.actualidadadiario.com\/index.php\/wp-json\/wp\/v2\/tags?post=82269"}],"curies":[{"name":"wp","href":"https:\/\/api.w.org\/{rel}","templated":true}]}}