{"id":82266,"date":"2022-02-09T14:16:29","date_gmt":"2022-02-09T17:16:29","guid":{"rendered":"https:\/\/www.actualidadadiario.com\/?p=82266"},"modified":"2022-02-09T14:16:29","modified_gmt":"2022-02-09T17:16:29","slug":"denuncian-a-patricia-bullrich-por-la-compra-de-material-para-el-g20-con-sobreprecios","status":"publish","type":"post","link":"https:\/\/www.actualidadadiario.com\/index.php\/2022\/02\/09\/denuncian-a-patricia-bullrich-por-la-compra-de-material-para-el-g20-con-sobreprecios\/","title":{"rendered":"Denuncian a Patricia Bullrich por la compra de material para el G20 con sobreprecios"},"content":{"rendered":"<p style=\"text-align: center;\"><em><strong>La Oficina Anticorrupci\u00f3n denunci\u00f3 a la ex ministra de Seguridad Patricia Bullrich por la compra de material para el G20 con sobreprecios<\/strong><\/em><\/p>\n<p>&nbsp;<\/p>\n<p>&nbsp;<\/p>\n<p>La Oficina Anticorrupci\u00f3n denunci\u00f3 a la ex ministra de Seguridad Patricia Bullrich por la compra de material para el G20, que se llev\u00f3 a cabo durante 2018 en Argentina, con sobreprecios de hasta 315%.<\/p>\n<p>As\u00ed lo consign\u00f3 la periodista Irina Hauser, quien dio a conocer adem\u00e1s que el material, que contemplaba chalecos antibalas, scanners, pistolas, ambulancias y equipos antiexplosivos, lleg\u00f3 cinco meses despu\u00e9s del evento, y se pag\u00f3 un total de u$s 9 millones.<\/p>\n<p>La compra con sobreprecios no es la \u00fanica irregularidad en torno a la organizaci\u00f3n del G20 durante la gesti\u00f3n macrista. En 2020 trascendi\u00f3 que periodistas, fot\u00f3grafos, camar\u00f3grafos y productores de medios de comunicaci\u00f3n nacionales e internacionales, fueron espiados por la Agencia Federal de Inteligencia (AFI), en el marco de la realizaci\u00f3n de la Cumbre en 2018, seg\u00fan denunci\u00f3 la titular del organismo Cristina Caama\u00f1o.<\/p>\n<p>La lista completa incluy\u00f3 tambi\u00e9n a varios miembros de entidades como la Sociedad Rural Argentina, Poder Ciudadano y otras organizaciones sociales, sindicales y no gubernamentales.<\/p>\n<p>El documento, presentado ante la justicia por la actual conducci\u00f3n de la AFI, habr\u00eda sido elaborado sobre la base de las solicitudes de trabajadores de prensa para acreditarse a la cumbre del G20, que tuvo lugar en Buenos Aires entre el 30 de noviembre y 1 de diciembre de 2018, aunque en esa lista no figuran varios periodistas que cubrieron el evento para diferentes medios.<\/p>\n","protected":false},"excerpt":{"rendered":"<p>La Oficina Anticorrupci\u00f3n denunci\u00f3 a la ex ministra de Seguridad Patricia Bullrich por la compra de material para el G20 con sobreprecios &nbsp; &nbsp; La Oficina Anticorrupci\u00f3n denunci\u00f3 a la ex ministra de Seguridad Patricia Bullrich por la compra de material para el G20, que se llev\u00f3 a cabo durante 2018 en Argentina, con sobreprecios de hasta 315%. As\u00ed lo consign\u00f3 la periodista Irina Hauser, quien dio a conocer adem\u00e1s que el material, que contemplaba chalecos antibalas, scanners, pistolas, ambulancias y equipos antiexplosivos, lleg\u00f3 cinco meses despu\u00e9s del evento, y&#8230;<\/p>\n","protected":false},"author":3,"featured_media":82267,"comment_status":"closed","ping_status":"closed","sticky":false,"template":"","format":"standard","meta":[],"categories":[18],"tags":[],"_links":{"self":[{"href":"https:\/\/www.actualidadadiario.com\/index.php\/wp-json\/wp\/v2\/posts\/82266"}],"collection":[{"href":"https:\/\/www.actualidadadiario.com\/index.php\/wp-json\/wp\/v2\/posts"}],"about":[{"href":"https:\/\/www.actualidadadiario.com\/index.php\/wp-json\/wp\/v2\/types\/post"}],"author":[{"embeddable":true,"href":"https:\/\/www.actualidadadiario.com\/index.php\/wp-json\/wp\/v2\/users\/3"}],"replies":[{"embeddable":true,"href":"https:\/\/www.actualidadadiario.com\/index.php\/wp-json\/wp\/v2\/comments?post=82266"}],"version-history":[{"count":1,"href":"https:\/\/www.actualidadadiario.com\/index.php\/wp-json\/wp\/v2\/posts\/82266\/revisions"}],"predecessor-version":[{"id":82268,"href":"https:\/\/www.actualidadadiario.com\/index.php\/wp-json\/wp\/v2\/posts\/82266\/revisions\/82268"}],"wp:featuredmedia":[{"embeddable":true,"href":"https:\/\/www.actualidadadiario.com\/index.php\/wp-json\/wp\/v2\/media\/82267"}],"wp:attachment":[{"href":"https:\/\/www.actualidadadiario.com\/index.php\/wp-json\/wp\/v2\/media?parent=82266"}],"wp:term":[{"taxonomy":"category","embeddable":true,"href":"https:\/\/www.actualidadadiario.com\/index.php\/wp-json\/wp\/v2\/categories?post=82266"},{"taxonomy":"post_tag","embeddable":true,"href":"https:\/\/www.actualidadadiario.com\/index.php\/wp-json\/wp\/v2\/tags?post=82266"}],"curies":[{"name":"wp","href":"https:\/\/api.w.org\/{rel}","templated":true}]}}