{"id":82263,"date":"2022-02-09T14:15:52","date_gmt":"2022-02-09T17:15:52","guid":{"rendered":"https:\/\/www.actualidadadiario.com\/?p=82263"},"modified":"2022-02-09T14:15:52","modified_gmt":"2022-02-09T17:15:52","slug":"daniel-rafecas-juega-sus-fichas-y-apuesta-todo-para-convertirse-en-procurador-general","status":"publish","type":"post","link":"https:\/\/www.actualidadadiario.com\/index.php\/2022\/02\/09\/daniel-rafecas-juega-sus-fichas-y-apuesta-todo-para-convertirse-en-procurador-general\/","title":{"rendered":"Daniel Rafecas juega sus fichas y apuesta todo para convertirse en Procurador General"},"content":{"rendered":"<p style=\"text-align: center;\"><em><strong>El juez federal se baj\u00f3 del concurso destinado a cubrir una de las vacantes en la C\u00e1mara de Casaci\u00f3n y centr\u00f3 sus expectativas en la postulaci\u00f3n como jefe de los fiscales<\/strong><\/em><\/p>\n<p>&nbsp;<\/p>\n<p>&nbsp;<\/p>\n<p>Daniel Rafecas renunci\u00f3 este martes a su postulaci\u00f3n para cubrir una de las vacantes en la C\u00e1mara Nacional de Casaci\u00f3n Penal. De este modo, el juez federal apunta de lleno a su candidatura para la Procuraci\u00f3n General de la Naci\u00f3n.<\/p>\n<p>Su dimisi\u00f3n a la terna fue presentada ante el ministro de Justicia, Mart\u00edn Soria, mediante una breve nota, argumentando \u201cmotivos personales\u201d.\u00a0 Rafecas encabezaba el listado de candidatos, tras obtener un total de 176 puntos sobre 200 en el concurso 396 del Consejo de la Magistratura.<\/p>\n<p>Este concurso era su plan \u201cB\u201d. Ahora todas las expectativas de Rafecas est\u00e1n puestas en llegar a la Procuraci\u00f3n General, un puesto de mucha relevancia en el mundo judicial pero que requiere si o si de un consenso en lo pol\u00edtico que hasta ahora el Gobierno Nacional no ha logrado.<\/p>\n<p>En octubre \u00faltimo, el ministro Soria se mostr\u00f3 junto a Rafecas en una reuni\u00f3n de trabajo. Tras el encuentro, el titular de la cartera de Justicia confirm\u00f3 que \u201cRafecas es el candidato del Presidente&#8221; para jefe de los fiscales.<\/p>\n<p>Este encuentro entre Soria y Rafecas ocurri\u00f3 tras varios desacuerdos. Es que el magistrado hab\u00eda amenazado con renunciar a su candidatura si se aprobaba la reforma del MPF con la eliminaci\u00f3n de las mayor\u00edas para la designaci\u00f3n del cargo.<\/p>\n<p>Los dos tercios de los votos en el Senado son el requisito que hace de ese puesto un lugar al cual cuesta acceder. Ning\u00fan oficialismo tuvo 48 o m\u00e1s senadores\/as y eso es parte de la negociaci\u00f3n que tambi\u00e9n debe llevarse adelante en caso de que se quiera nombrar a un juez de la Corte Suprema de Justicia.<\/p>\n","protected":false},"excerpt":{"rendered":"<p>El juez federal se baj\u00f3 del concurso destinado a cubrir una de las vacantes en la C\u00e1mara de Casaci\u00f3n y centr\u00f3 sus expectativas en la postulaci\u00f3n como jefe de los fiscales &nbsp; &nbsp; Daniel Rafecas renunci\u00f3 este martes a su postulaci\u00f3n para cubrir una de las vacantes en la C\u00e1mara Nacional de Casaci\u00f3n Penal. De este modo, el juez federal apunta de lleno a su candidatura para la Procuraci\u00f3n General de la Naci\u00f3n. Su dimisi\u00f3n a la terna fue presentada ante el ministro de Justicia, Mart\u00edn Soria, mediante una breve&#8230;<\/p>\n","protected":false},"author":3,"featured_media":82264,"comment_status":"closed","ping_status":"closed","sticky":false,"template":"","format":"standard","meta":[],"categories":[18],"tags":[],"_links":{"self":[{"href":"https:\/\/www.actualidadadiario.com\/index.php\/wp-json\/wp\/v2\/posts\/82263"}],"collection":[{"href":"https:\/\/www.actualidadadiario.com\/index.php\/wp-json\/wp\/v2\/posts"}],"about":[{"href":"https:\/\/www.actualidadadiario.com\/index.php\/wp-json\/wp\/v2\/types\/post"}],"author":[{"embeddable":true,"href":"https:\/\/www.actualidadadiario.com\/index.php\/wp-json\/wp\/v2\/users\/3"}],"replies":[{"embeddable":true,"href":"https:\/\/www.actualidadadiario.com\/index.php\/wp-json\/wp\/v2\/comments?post=82263"}],"version-history":[{"count":1,"href":"https:\/\/www.actualidadadiario.com\/index.php\/wp-json\/wp\/v2\/posts\/82263\/revisions"}],"predecessor-version":[{"id":82265,"href":"https:\/\/www.actualidadadiario.com\/index.php\/wp-json\/wp\/v2\/posts\/82263\/revisions\/82265"}],"wp:featuredmedia":[{"embeddable":true,"href":"https:\/\/www.actualidadadiario.com\/index.php\/wp-json\/wp\/v2\/media\/82264"}],"wp:attachment":[{"href":"https:\/\/www.actualidadadiario.com\/index.php\/wp-json\/wp\/v2\/media?parent=82263"}],"wp:term":[{"taxonomy":"category","embeddable":true,"href":"https:\/\/www.actualidadadiario.com\/index.php\/wp-json\/wp\/v2\/categories?post=82263"},{"taxonomy":"post_tag","embeddable":true,"href":"https:\/\/www.actualidadadiario.com\/index.php\/wp-json\/wp\/v2\/tags?post=82263"}],"curies":[{"name":"wp","href":"https:\/\/api.w.org\/{rel}","templated":true}]}}