{"id":82260,"date":"2022-02-09T14:15:14","date_gmt":"2022-02-09T17:15:14","guid":{"rendered":"https:\/\/www.actualidadadiario.com\/?p=82260"},"modified":"2022-02-09T14:15:14","modified_gmt":"2022-02-09T17:15:14","slug":"congreso-sigue-la-rosca-por-las-comisiones-y-no-hay-fecha-definida-para-sesionar","status":"publish","type":"post","link":"https:\/\/www.actualidadadiario.com\/index.php\/2022\/02\/09\/congreso-sigue-la-rosca-por-las-comisiones-y-no-hay-fecha-definida-para-sesionar\/","title":{"rendered":"Congreso: sigue la rosca por las comisiones y no hay fecha definida para sesionar"},"content":{"rendered":"<p style=\"text-align: center;\"><em><strong>A pesar del decreto presidencial que convoc\u00f3 a sesiones extraordinarias para febrero, no est\u00e1 claro si habr\u00e1 debate parlamentario antes del inicio de sesiones ordinarias. El poroteo en el acuerdo con el FMI<\/strong><\/em><\/p>\n<p>&nbsp;<\/p>\n<p>&nbsp;<\/p>\n<p>Por ahora son s\u00f3lo conversaciones informales las que se est\u00e1n dando en Diputados donde se espera que en los pr\u00f3ximos d\u00edas se selle un encuentro entre el presidente de la C\u00e1mara, Sergio Massa, y los jefes de los bloques parlamentarios para definir la integraci\u00f3n y autoridades de las comisiones. Muy ajustados con el tiempo, se baraja la posibilidad de convocar a extraordinarias \u2013 en ambas c\u00e1maras-para la \u00faltima semana de febrero.<\/p>\n<p>La fecha no pudo ser confirmada por ninguno de los sectores pol\u00edticos. Hacia adentro de los bloques, los legisladores ya pidieron su lugar en las comisiones seg\u00fan su expertiz. Son 46 las permanentes, que funcionan como \u00f3rganos de asesoramiento conformados por los Diputados para estudiar proyectos y asuntos de manera especializada. Hasta el momento, las autoridades est\u00e1n repartidas \u2013 la mayor\u00eda- entre el Frente de Todos y Juntos por el Cambio.<\/p>\n<p>El oficialismo posee la presidencia de comisiones importantes como son Asuntos Constitucionales, Legislaci\u00f3n General, Relaciones Exteriores y Culto, Educaci\u00f3n, Justicia, Previsi\u00f3n y Seguridad Social, Acci\u00f3n Social y Salud P\u00fablica, Legislaci\u00f3n Penal y Juicio Pol\u00edtico.<\/p>\n<p>En cuanto los interbloques minoritarios, todav\u00eda no se sabe si conservar\u00e1n la de Adicciones, que estuvo en manos del rionegrino Luis Di Giacomo (l\u00edder del interbloque Provincias Unidas) y el Schiarettista Carlos Guti\u00e9rrez, que estuvo al mando de la Comisi\u00f3n de Econom\u00edas regionales (integrante del Interbloque Federal).<\/p>\n<p>Tambi\u00e9n surgen espacios con mayor volumen como los libertarios o el Frente de Izquierda, ambos con 4 integrantes cada bloque. En la izquierda miran con inter\u00e9s ser parte de las comisiones de Legislaci\u00f3n Laboral para el juje\u00f1o Alejandro Vilca y la de Mujeres y Diversidad para la porte\u00f1a Myriam Bregman. Tambi\u00e9n Educaci\u00f3n, para Romina del Pla, y Presupuesto, para Nicol\u00e1s del Ca\u00f1o. Sin embargo, esta \u00faltima es la \u00fanica comisi\u00f3n que se conform\u00f3 desde el recambio parlamentario.<\/p>\n<p>All\u00ed contin\u00faa como presidente Carlos Heller, que llev\u00f3 adelante en diciembre pasado a la discusi\u00f3n del Presupuesto 2022 y la reforma sobre el impuesto a los Bienes Personales. Seg\u00fan pudo saber Tiempo, en principio las negociaciones se llevan a cabo para constituir 9 comisiones en la C\u00e1mara de Diputados y 3 en el Senado y cubrir el temario de 18 proyectos que envi\u00f3 el Ejecutivo al Congreso convocando a sesiones extraordinarias para el mes de febrero.<\/p>\n<p>Las iniciativas m\u00e1s relevantes ingresaron por el Senado: el Consenso Fisca 2021 y la reforma de la Ley del Consejo de la Magistratura, un punto que conllevar\u00e1 una discusi\u00f3n m\u00e1s larga y podr\u00eda empezar despu\u00e9s del primero de marzo, en el periodo ordinario. Para esta semana, la agenda parece sin movimientos en la C\u00e1mara que preside Cristina Fern\u00e1ndez de Kirchner.<\/p>\n<p>En tanto, en Diputados se tratar\u00eda la nueva ley de VIH, la ley de prevenci\u00f3n y control de la resistencia antimicrobiana y la ley de cannabis medicinal e industrial, algunos de los proyectos que incorpor\u00f3 el Ejecutivo al temario. De esta manera, ser\u00edan temas de consenso que, al igual que la creaci\u00f3n de Parques Nacionales y Universidades Nacionales, estar\u00edan con posibilidades de avanzar con la rapidez que se necesita si se quiere al menos abrir el recinto una vez durante febrero.<\/p>\n<p>&nbsp;<\/p>\n<p><strong>Memor\u00e1ndum FMI\u00a0 <\/strong><\/p>\n<p>Desde su gira por Barbados \u2013 \u00faltimo destino luego de Rusia y China- el presidente Alberto Fern\u00e1ndez se mostr\u00f3 optimista y asegur\u00f3 que \u201cnuestra fuerza pol\u00edtica mayoritariamente nos va a acompa\u00f1ar\u201d en el Congreso, respecto al acuerdo con el FMI.\u00a0 Luego de la salida de M\u00e1ximo Kirchner de la presidencia del bloque del Frente de Todos en la C\u00e1mara Baja, Germ\u00e1n Martinez, el flamante titular del espacio trabaja para llegar con el mayor apoyo posible.<\/p>\n<p>Pero, si bien la postura de M\u00e1ximo es personal, dentro del oficialismo hay unos 16 diputados que respaldan al l\u00edder de La C\u00e1mpora, como los bonaerenses Constanza Alonso, Rogelio Iparraguirre, Florencia Lampreabe, Rodolfo Tailhade y Lucio Yapor. Tambi\u00e9n est\u00e1 en la lista la porte\u00f1a Paula Penacca, secretaria parlamentaria del bloque, que no se sabe si contiuanar\u00e1 en ese puesto.<\/p>\n<p>Tambi\u00e9n est\u00e1n por el interior del pa\u00eds, la chaque\u00f1a Lucila Masin; Santiago Igon y Eugenia Alianello; la cordobesa Gabriela Est\u00e9vez; el entrerriano Tom\u00e1s Ledesma; la juje\u00f1a Leila Chaher; la misionera Cristina Britez; los santafesinos Marcos Cleri y Magal\u00ed Mastaler; y la tucumana Mabel Carrizo.<\/p>\n<p>Con postura firme contra el FMI se encuentran Juan Carlos Alderete y la salte\u00f1a Ver\u00f3nica Caliva, de la Corriente Clasista y Combativa. Adem\u00e1s, de Federico Fagioli, Natalia Zaracho e Ita\u00ed Hagman, del Frente Patria Grande, cuyo referente es el dirigente Juan Grabois.<\/p>\n","protected":false},"excerpt":{"rendered":"<p>A pesar del decreto presidencial que convoc\u00f3 a sesiones extraordinarias para febrero, no est\u00e1 claro si habr\u00e1 debate parlamentario antes del inicio de sesiones ordinarias. El poroteo en el acuerdo con el FMI &nbsp; &nbsp; Por ahora son s\u00f3lo conversaciones informales las que se est\u00e1n dando en Diputados donde se espera que en los pr\u00f3ximos d\u00edas se selle un encuentro entre el presidente de la C\u00e1mara, Sergio Massa, y los jefes de los bloques parlamentarios para definir la integraci\u00f3n y autoridades de las comisiones. Muy ajustados con el tiempo, se&#8230;<\/p>\n","protected":false},"author":3,"featured_media":82261,"comment_status":"closed","ping_status":"closed","sticky":false,"template":"","format":"standard","meta":[],"categories":[9],"tags":[],"_links":{"self":[{"href":"https:\/\/www.actualidadadiario.com\/index.php\/wp-json\/wp\/v2\/posts\/82260"}],"collection":[{"href":"https:\/\/www.actualidadadiario.com\/index.php\/wp-json\/wp\/v2\/posts"}],"about":[{"href":"https:\/\/www.actualidadadiario.com\/index.php\/wp-json\/wp\/v2\/types\/post"}],"author":[{"embeddable":true,"href":"https:\/\/www.actualidadadiario.com\/index.php\/wp-json\/wp\/v2\/users\/3"}],"replies":[{"embeddable":true,"href":"https:\/\/www.actualidadadiario.com\/index.php\/wp-json\/wp\/v2\/comments?post=82260"}],"version-history":[{"count":1,"href":"https:\/\/www.actualidadadiario.com\/index.php\/wp-json\/wp\/v2\/posts\/82260\/revisions"}],"predecessor-version":[{"id":82262,"href":"https:\/\/www.actualidadadiario.com\/index.php\/wp-json\/wp\/v2\/posts\/82260\/revisions\/82262"}],"wp:featuredmedia":[{"embeddable":true,"href":"https:\/\/www.actualidadadiario.com\/index.php\/wp-json\/wp\/v2\/media\/82261"}],"wp:attachment":[{"href":"https:\/\/www.actualidadadiario.com\/index.php\/wp-json\/wp\/v2\/media?parent=82260"}],"wp:term":[{"taxonomy":"category","embeddable":true,"href":"https:\/\/www.actualidadadiario.com\/index.php\/wp-json\/wp\/v2\/categories?post=82260"},{"taxonomy":"post_tag","embeddable":true,"href":"https:\/\/www.actualidadadiario.com\/index.php\/wp-json\/wp\/v2\/tags?post=82260"}],"curies":[{"name":"wp","href":"https:\/\/api.w.org\/{rel}","templated":true}]}}