{"id":8225,"date":"2017-03-09T10:32:35","date_gmt":"2017-03-09T13:32:35","guid":{"rendered":"http:\/\/actualidadadiario.com\/site\/?p=8225"},"modified":"2017-03-09T10:32:35","modified_gmt":"2017-03-09T13:32:35","slug":"el-presidente-de-brasil-reduce-el-papel-de-la-mujer-a-la-casa-y-el-supermercado","status":"publish","type":"post","link":"https:\/\/www.actualidadadiario.com\/index.php\/2017\/03\/09\/el-presidente-de-brasil-reduce-el-papel-de-la-mujer-a-la-casa-y-el-supermercado\/","title":{"rendered":"El presidente de Brasil reduce el papel de la mujer a la casa y el supermercado"},"content":{"rendered":"<p><em><strong>Temer afirma que las mujeres son eficaces para detectar los desajustes de los precios<\/strong><\/em><\/p>\n<p>&nbsp;<\/p>\n<p>&nbsp;<\/p>\n<p>&nbsp;<\/p>\n<p>&nbsp;<\/p>\n<p>El presidente de Brasil, Michel Temer, ha subrayado este mi\u00e9rcoles, D\u00eda Internacional de la Mujer, la importancia que tienen estas en el pa\u00eds, si bien en su discurso ha se\u00f1alado que son las mejores en indicar los &#8220;desajustes de precios en el supermercado&#8221;.\u00a0 En este contexto, ha subrayado el papel que tiene la mujer dentro de la casa, alabando &#8220;todo lo que hace por la casa y por los hijos&#8221;. &#8220;Que los hijos tengan una adecuada educaci\u00f3n y formaci\u00f3n es, seguramente, trabajo de las mujeres&#8221;, ha afirmado. Estas declaraciones generaron una enorme pol\u00e9mica en Brasil.<\/p>\n<p>&nbsp;<\/p>\n<p>Temer apunt\u00f3 que la mujer &#8220;tiene una gran participaci\u00f3n&#8221; en la econom\u00eda nacional y &#8220;nadie es m\u00e1s capaz de indicar los desajustes de los precios en el supermercado que la mujer&#8221;. &#8220;Nadie es capaz de detectar mejor las eventuales fluctuaciones econ\u00f3micas que la mujer, por el presupuesto dom\u00e9stico mayor o menor&#8221;, agreg\u00f3.<\/p>\n<p>&nbsp;<\/p>\n<p>En su discurso, pronunciado desde el Palacio de Planalto, Temer admiti\u00f3 que la mujer es tratada en el pa\u00eds como una &#8220;figura de segundo grado&#8221; y que si la sociedad &#8220;va bien&#8221; es porque las personas tuvieron una buena educaci\u00f3n en casa, y &#8220;quien hace esto es la mujer&#8221;. El presidente ha se\u00f1alado que a &#8220;la mujer todav\u00eda se la trata como si fuera una figura de segundo grado cuando, en realidad, debe ocupar el primero en todas las sociedades&#8221;.<\/p>\n<p>&nbsp;<\/p>\n<p>Rodeado de algunas de las mujeres que conforman su formaci\u00f3n, Temer ha hecho un repaso por los logros alcanzados en Brasil en la lucha por la igualdad se\u00f1alando la &#8220;important\u00edsima&#8221; presencia del sector femenino en la historia del pa\u00eds. Asimismo, ha afirmado que &#8220;uno de los pilares del plan nacional de seguridad&#8221; es, precisamente, la lucha contra el feminicidio y la violencia de g\u00e9nero.<\/p>\n<p>&nbsp;<\/p>\n<p>En cuanto al contexto de los movimientos sociales, el presidente brasile\u00f1o ha asegurado que &#8220;la fuerza motriz m\u00e1s relevante del ejercicio de la ciudadan\u00eda brasile\u00f1a est\u00e1 en las mujeres&#8221;, que han conseguido penetrar en este sector gracias a un &#8220;movimiento entusiasmado y persistente&#8221;.<\/p>\n<p>&nbsp;<\/p>\n<p>As\u00ed, ha hecho hincapi\u00e9 en la &#8220;extraordinaria colaboraci\u00f3n&#8221; que el sector femenino ha conseguido en el sistema brasile\u00f1o, en un momento en el que &#8220;participan intensamente en todos los debates&#8221;. &#8220;Y efectivamente tambi\u00e9n han aportado mucho a la econom\u00eda: nadie es capaz de indicar, por ejemplo, los desajustes de precios en el supermercado como lo hacen las mujeres&#8221;, ha afirmado.<\/p>\n<p>&nbsp;<\/p>\n<p>Las palabras de Temer causaron una gran pol\u00e9mica en las redes sociales que intent\u00f3 atajar la secretaria nacional de Pol\u00edticas para las Mujeres, F\u00e1tima Pelaes, quien rechaz\u00f3 que las declaraciones fueran machistas y dijo que el presidente solo se refiri\u00f3 a la jornada dom\u00e9stica y profesional de las mujeres de hoy en d\u00eda.<\/p>\n<p>&nbsp;<\/p>\n<p>Pelaes resalt\u00f3 que Temer impuls\u00f3 la creaci\u00f3n de una comisar\u00eda para las mujeres y defendi\u00f3 que hay que valorar sus actitudes y no sus discursos. &#8220;Esas declaraciones me hacen querer llorar, son rid\u00edculas&#8221;, se lamentaba una brasile\u00f1a en Twitter. &#8220;Temer todav\u00eda no se dio cuenta de que no vivimos en el siglo XVIII??&#8221;, a\u00f1ad\u00eda otra. &#8220;Ser\u00e1 que su mujer sabe cu\u00e1nto vale el kilo de carne?&#8221;, se preguntaba otra de las brasile\u00f1as indignadas.<\/p>\n<p>&nbsp;<\/p>\n<p>Temer, de 76 a\u00f1os y casado con una ex-miss local de 33 a\u00f1os, recibi\u00f3 un aluvi\u00f3n de cr\u00edticas por la ausencia de mujeres y de negros en su Ejecutivo cuando asumi\u00f3 plenamente, el pasado agosto, en sustituci\u00f3n de Dilma Rousseff, destituida por el Congreso.<\/p>\n","protected":false},"excerpt":{"rendered":"<p>Temer afirma que las mujeres son eficaces para detectar los desajustes de los precios &nbsp; &nbsp; &nbsp; &nbsp; El presidente de Brasil, Michel Temer, ha subrayado este mi\u00e9rcoles, D\u00eda Internacional de la Mujer, la importancia que tienen estas en el pa\u00eds, si bien en su discurso ha se\u00f1alado que son las mejores en indicar los &#8220;desajustes de precios en el supermercado&#8221;.\u00a0 En este contexto, ha subrayado el papel que tiene la mujer dentro de la casa, alabando &#8220;todo lo que hace por la casa y por los hijos&#8221;. &#8220;Que los&#8230;<\/p>\n","protected":false},"author":3,"featured_media":8226,"comment_status":"closed","ping_status":"closed","sticky":false,"template":"","format":"standard","meta":[],"categories":[4],"tags":[],"_links":{"self":[{"href":"https:\/\/www.actualidadadiario.com\/index.php\/wp-json\/wp\/v2\/posts\/8225"}],"collection":[{"href":"https:\/\/www.actualidadadiario.com\/index.php\/wp-json\/wp\/v2\/posts"}],"about":[{"href":"https:\/\/www.actualidadadiario.com\/index.php\/wp-json\/wp\/v2\/types\/post"}],"author":[{"embeddable":true,"href":"https:\/\/www.actualidadadiario.com\/index.php\/wp-json\/wp\/v2\/users\/3"}],"replies":[{"embeddable":true,"href":"https:\/\/www.actualidadadiario.com\/index.php\/wp-json\/wp\/v2\/comments?post=8225"}],"version-history":[{"count":1,"href":"https:\/\/www.actualidadadiario.com\/index.php\/wp-json\/wp\/v2\/posts\/8225\/revisions"}],"predecessor-version":[{"id":8227,"href":"https:\/\/www.actualidadadiario.com\/index.php\/wp-json\/wp\/v2\/posts\/8225\/revisions\/8227"}],"wp:featuredmedia":[{"embeddable":true,"href":"https:\/\/www.actualidadadiario.com\/index.php\/wp-json\/wp\/v2\/media\/8226"}],"wp:attachment":[{"href":"https:\/\/www.actualidadadiario.com\/index.php\/wp-json\/wp\/v2\/media?parent=8225"}],"wp:term":[{"taxonomy":"category","embeddable":true,"href":"https:\/\/www.actualidadadiario.com\/index.php\/wp-json\/wp\/v2\/categories?post=8225"},{"taxonomy":"post_tag","embeddable":true,"href":"https:\/\/www.actualidadadiario.com\/index.php\/wp-json\/wp\/v2\/tags?post=8225"}],"curies":[{"name":"wp","href":"https:\/\/api.w.org\/{rel}","templated":true}]}}