{"id":82247,"date":"2022-02-09T14:11:32","date_gmt":"2022-02-09T17:11:32","guid":{"rendered":"https:\/\/www.actualidadadiario.com\/?p=82247"},"modified":"2022-02-09T14:11:32","modified_gmt":"2022-02-09T17:11:32","slug":"decretan-la-emergencia-agropecuaria-en-formosa","status":"publish","type":"post","link":"https:\/\/www.actualidadadiario.com\/index.php\/2022\/02\/09\/decretan-la-emergencia-agropecuaria-en-formosa\/","title":{"rendered":"Decretan la emergencia agropecuaria en Formosa"},"content":{"rendered":"<p style=\"text-align: center;\"><em><strong>Seg\u00fan la comisi\u00f3n provincial que se ocupa del tema, las p\u00e9rdidas en producci\u00f3n y capacidad productiva superan el 50% en los establecimientos rurales debido a la falta de precipitaciones<\/strong><\/em><\/p>\n<p>&nbsp;<\/p>\n<p>&nbsp;<\/p>\n<p>El gobernador de Formosa, Gildo Insfr\u00e1n, declar\u00f3 el estado de Emergencia Agropecuaria para las actividades ganadera y ap\u00edcola de los establecimientos ubicados en todo el territorio provincial y para lo agr\u00edcola en los Departamentos Formosa, Laish\u00ed, Pilcomayo, Piran\u00e9, Pilag\u00e1s, Pati\u00f1o y Bermejo.<\/p>\n<p>En lo ganadero y ap\u00edcola la declaraci\u00f3n de emergencia alcanza a los establecimientos rurales afectados por d\u00e9ficit de precipitaciones, altas temperaturas y quemas de pastizales, ubicados en todo el territorio provincial, inform\u00f3 el gobierno formose\u00f1o.<\/p>\n<p>Del an\u00e1lisis efectuado por la Comisi\u00f3n Provincial de Emergencia Agropecuaria, surge la gravedad en que se encuentran las explotaciones de productores agr\u00edcolas, ganaderos y ap\u00edcolas con p\u00e9rdidas en su producci\u00f3n y capacidad productiva que superan el 50% debido a la falta de precipitaciones en todo el territorio provincial.<\/p>\n<p>Las medidas dispuestas en el Decreto 13 dado a conocer este martes tendr\u00e1n vigencia desde el 1\u00ba de enero del 2022 hasta el 30 de junio del 2023.<\/p>\n<p>En cuanto a lo agr\u00edcola se abarcan los cultivos de ma\u00edz y cucurbit\u00e1ceas de segunda siembra y para los cultivos de banana, algod\u00f3n, mandioca, batata y man\u00ed, afectados por d\u00e9ficit de precipitaciones desde enero a la fecha, situados en los Departamentos Formosa, Laish\u00ed, Pilcomayo, Piran\u00e9, Pilag\u00e1s, Pati\u00f1o y Bermejo. Regir\u00e1 desde el 1\u00ba de enero del 2022 hasta el 30 de junio del 2022.<\/p>\n<p>De acuerdo al instrumento, se designa como organismo de aplicaci\u00f3n al Ministerio de la Producci\u00f3n y Ambiente, el cual deber\u00e1 realizar las gestiones y disposiciones necesarias para cumplimentar las medidas establecidas.<\/p>\n<p>Tambi\u00e9n se facult\u00f3 a la Subsecretar\u00eda de Producci\u00f3n Sustentable a otorgar certificados a los productores afectados, conforme la constataci\u00f3n efectuadas por la Direcci\u00f3n de Producci\u00f3n Sustentable sobre las p\u00e9rdidas sufridas, remitiendo la n\u00f3mina de los mismos a la Comisi\u00f3n Nacional de Emergencia y Desastre Agropecuarios.<\/p>\n<p>De igual modo, se autoriza al Ministerio de Econom\u00eda, Hacienda y finanzas a implementar las medidas que resulten necesarias para el otorgamiento de los beneficios fiscales contemplados en el marco del Decreto-Ley N\u00b0 980\/81.<\/p>\n<p>Para decretar el estado de Emergencia Agropecuaria, el primer mandatario evalu\u00f3 el relevamiento integral de la producci\u00f3n ganadera, agr\u00edcola y ap\u00edcola que realiz\u00f3 el Ministerio de la Producci\u00f3n y Ambiente.<\/p>\n<p>El mismo fue concretado con la participaci\u00f3n del Instituto Nacional de Tecnolog\u00eda Agropecuaria (INTA) y la colaboraci\u00f3n de todas las instituciones relacionadas con el sector productivo, como la Secretar\u00eda de Agricultura Familiar, Campesina e Ind\u00edgena -Delegaci\u00f3n Formosa-, el Servicio Nacional de Sanidad y Calidad Agroalimentaria (SENASA), el Instituto Provincial de Acci\u00f3n Integral para el Peque\u00f1o Productor Agropecuario (Paippa), el Centro de Validaci\u00f3n de Tecnolog\u00edas Agropecuarias (Cedeva), los Municipios y las organizaciones de productores.<\/p>\n","protected":false},"excerpt":{"rendered":"<p>Seg\u00fan la comisi\u00f3n provincial que se ocupa del tema, las p\u00e9rdidas en producci\u00f3n y capacidad productiva superan el 50% en los establecimientos rurales debido a la falta de precipitaciones &nbsp; &nbsp; El gobernador de Formosa, Gildo Insfr\u00e1n, declar\u00f3 el estado de Emergencia Agropecuaria para las actividades ganadera y ap\u00edcola de los establecimientos ubicados en todo el territorio provincial y para lo agr\u00edcola en los Departamentos Formosa, Laish\u00ed, Pilcomayo, Piran\u00e9, Pilag\u00e1s, Pati\u00f1o y Bermejo. En lo ganadero y ap\u00edcola la declaraci\u00f3n de emergencia alcanza a los establecimientos rurales afectados por d\u00e9ficit&#8230;<\/p>\n","protected":false},"author":3,"featured_media":81146,"comment_status":"closed","ping_status":"closed","sticky":false,"template":"","format":"standard","meta":[],"categories":[2],"tags":[],"_links":{"self":[{"href":"https:\/\/www.actualidadadiario.com\/index.php\/wp-json\/wp\/v2\/posts\/82247"}],"collection":[{"href":"https:\/\/www.actualidadadiario.com\/index.php\/wp-json\/wp\/v2\/posts"}],"about":[{"href":"https:\/\/www.actualidadadiario.com\/index.php\/wp-json\/wp\/v2\/types\/post"}],"author":[{"embeddable":true,"href":"https:\/\/www.actualidadadiario.com\/index.php\/wp-json\/wp\/v2\/users\/3"}],"replies":[{"embeddable":true,"href":"https:\/\/www.actualidadadiario.com\/index.php\/wp-json\/wp\/v2\/comments?post=82247"}],"version-history":[{"count":1,"href":"https:\/\/www.actualidadadiario.com\/index.php\/wp-json\/wp\/v2\/posts\/82247\/revisions"}],"predecessor-version":[{"id":82248,"href":"https:\/\/www.actualidadadiario.com\/index.php\/wp-json\/wp\/v2\/posts\/82247\/revisions\/82248"}],"wp:featuredmedia":[{"embeddable":true,"href":"https:\/\/www.actualidadadiario.com\/index.php\/wp-json\/wp\/v2\/media\/81146"}],"wp:attachment":[{"href":"https:\/\/www.actualidadadiario.com\/index.php\/wp-json\/wp\/v2\/media?parent=82247"}],"wp:term":[{"taxonomy":"category","embeddable":true,"href":"https:\/\/www.actualidadadiario.com\/index.php\/wp-json\/wp\/v2\/categories?post=82247"},{"taxonomy":"post_tag","embeddable":true,"href":"https:\/\/www.actualidadadiario.com\/index.php\/wp-json\/wp\/v2\/tags?post=82247"}],"curies":[{"name":"wp","href":"https:\/\/api.w.org\/{rel}","templated":true}]}}