{"id":82241,"date":"2022-02-09T14:10:04","date_gmt":"2022-02-09T17:10:04","guid":{"rendered":"https:\/\/www.actualidadadiario.com\/?p=82241"},"modified":"2022-02-09T14:10:04","modified_gmt":"2022-02-09T17:10:04","slug":"refuerzan-la-vacunacion-en-ninos-y-adolescentes-ante-el-inicio-de-las-clases","status":"publish","type":"post","link":"https:\/\/www.actualidadadiario.com\/index.php\/2022\/02\/09\/refuerzan-la-vacunacion-en-ninos-y-adolescentes-ante-el-inicio-de-las-clases\/","title":{"rendered":"Refuerzan la vacunaci\u00f3n en ni\u00f1os y adolescentes ante el inicio de las clases"},"content":{"rendered":"<p style=\"text-align: center;\"><em><strong>Ante el inminente inicio del ciclo lectivo, las provincias intensificaron las campa\u00f1as de inmunizaci\u00f3n anticovid, con inoculaci\u00f3n en las escuelas, vacunatorios m\u00f3viles y m\u00e1s postas itinerantes para completar los esquemas de estudiantes, docentes y trabajadores<\/strong><\/em><\/p>\n<p>&nbsp;<\/p>\n<p>&nbsp;<\/p>\n<p>Autoridades provinciales reforzaron las campa\u00f1as de vacunaci\u00f3n anticovid ante el inminente inicio de las clases con inoculaci\u00f3n en las escuelas, vacunatorios m\u00f3viles y m\u00e1s postas itinerantes para completar los esquemas de estudiantes, docentes y trabajadores del sector y &#8220;garantizar la presencialidad plena&#8221; en las aulas desde el 2 de marzo.<\/p>\n<p>En ese marco, el Gobierno impulsa el protocolo &#8220;Aula Segura&#8221; para la vuelta a las clases presenciales con asistencia cuidada, vacunaci\u00f3n, uso de barbijo, ventilaci\u00f3n, higiene y distancia social, que ser\u00e1 definido el jueves por el Consejo Federal de Salud junto a los ministros de Educaci\u00f3n de las 24 provincias.<\/p>\n<p>La ministra de Salud, Carla Vizzotti, sostuvo que &#8220;la vacunaci\u00f3n tendr\u00e1 un rol muy importante&#8221; dado que &#8220;la tendencia es no suspender las clases ni los cursos&#8221;, mientras su colega de Educaci\u00f3n, Jaime Perczyk, asegur\u00f3 este martes que con este protocolo &#8220;la novedad es que tiene las mismas normas que hay en el resto de la sociedad: hay que vacunarse, hay que lavarse permanentemente las manos, ventilar y usar barbijo&#8221;.<\/p>\n<p>&#8220;Nosotros recomendamos, no hay obligaci\u00f3n&#8221; de aplicarlo en todos los distritos dijo Perczyk y resalt\u00f3 que &#8220;lo fundamental es la vacunaci\u00f3n y en eso estamos trabajando las 24 jurisdicciones&#8221;.<\/p>\n<p>&nbsp;<\/p>\n<p><strong>Provincia de Buenos Aires<\/strong><\/p>\n<p>En Buenos Aires, de cara al comienzo del ciclo lectivo la provincia implement\u00f3 este mes nuevas jornadas itinerantes de vacunaci\u00f3n en 815 escuelas que alcanz\u00f3 a 100 mil estudiantes y al que ahora se suman postas en 2.600 establecimientos educativos.<\/p>\n<p>El director general de Cultura y Educaci\u00f3n bonaerense, Alberto Sileoni, dijo este martes que en territorio provincial existe una &#8220;muy buena vacunaci\u00f3n de docentes&#8221; pero reconoci\u00f3 que se debe &#8220;reforzar la de ni\u00f1os y ni\u00f1as de 3 a 11, ya que a la mitad le falta la segunda dosis&#8221;.<\/p>\n<p>&#8220;En estas horas lanzamos un plan de vacunaci\u00f3n en las escuelas. Arrancamos con 50 o 60 y con la expectativa que en pocos d\u00edas sean m\u00e1s de 2.000 donde se pueda vacunar&#8221;, acot\u00f3 y asegur\u00f3 que estaban &#8220;habilitando escuelas para que sean postas de vacunaci\u00f3n. Tenemos la expectativa de llegar a un alto n\u00famero de personas vacunadas en marzo&#8221;.<\/p>\n<p>En General Pueyrred\u00f3n, esta semana se comenz\u00f3 a vacunar en 5 escuelas a alumnos, trabajadores de la educaci\u00f3n y vecinos y, seg\u00fan fuentes de la Regi\u00f3n Sanitaria VIII, esta semana se abrir\u00e1 un establecimiento por d\u00eda en donde habr\u00e1 una posta sanitaria para inocular contra el Covid-19.<\/p>\n<p>En Bah\u00eda Blanca, la Regi\u00f3n Sanitaria I y la Jefatura de Regi\u00f3n 22 de Educaci\u00f3n iniciaron esta semana una campa\u00f1a de vacunaci\u00f3n en escuelas donde aplican la Triple Viral y las anticovid y las autoridades anunciaron que habr\u00e1 postas itinerantes en 30 establecimientos educativos y se elegir\u00e1 por d\u00eda una instituci\u00f3n para aplicar las dosis en el turno ma\u00f1ana y otra en el turno tarde.<\/p>\n<p>&#8220;El operativo se extender\u00e1 hasta el 25 de febrero en 30 servicios educativos&#8221;, dijo a T\u00e9lam Claudio Martini a cargo de la Jefatura Regional de Educaci\u00f3n 22 y se\u00f1al\u00f3 que en las postas vacunatorias &#8220;se iniciar\u00e1n o completar\u00e1n los esquemas de vacunaci\u00f3n contra el coronavirus para nivel primario y secundario&#8221;, adem\u00e1s de &#8220;docentes y no docentes de instituciones educativas no s\u00f3lo del servicio convocado que son 30 de los 200 de Bah\u00eda Blanca sino de todos los docentes y alumnos que se acerquen&#8221;.<\/p>\n<p>&nbsp;<\/p>\n<p><strong>C\u00f3rdoba<\/strong><\/p>\n<p>En C\u00f3rdoba, la campa\u00f1a de vacunaci\u00f3n escolar comenz\u00f3 el 2 de febrero en las escuelas para iniciar o completar esquemas anticovid en estudiantes de 3 a 17 a\u00f1os, comunidad docente, no docente y los padres que quieran hacerlo, que incluye la doble viral.<\/p>\n<p>La secretaria de Promoci\u00f3n y Prevenci\u00f3n provincial, Gabriela Barb\u00e1s, manifest\u00f3 que con la campa\u00f1a se pretende &#8220;garantizar la presencialidad plena&#8221; en el ciclo 2022 y detall\u00f3 que ya complet\u00f3 el esquema de vacunaci\u00f3n el 57% de los menores de entre 3 y 11 a\u00f1os, mientras que en la franja que va de 12 a 17 a\u00f1os supera el 76% de vacunados.<\/p>\n<p>&nbsp;<\/p>\n<p><strong>Santa Fe<\/strong><\/p>\n<p>Santa Fe, en tanto, el 85% de la poblaci\u00f3n de 12 a 17 a\u00f1os cuenta con esquema completo de vacunaci\u00f3n y &#8220;ha comenzado a colocarse la tercera dosis&#8221;, mientras que la franja de 3 a 11 a\u00f1os alcanza un nivel de inoculaci\u00f3n con dos dosis de casi el 70%, inform\u00f3 este martes la subsecretaria de Equidad del Ministerio de Salud, Romina Carrizo.<\/p>\n<p>La funcionaria particip\u00f3 este martes, junto a la directora de Programas Socioculturales del Ministerio de Cultura, Mariana Escobar, del inicio de la vacunaci\u00f3n en espacios culturales de verano al que asisten los menores de edad y destac\u00f3 que &#8220;es un trabajo conjunto con Cultura para descentralizar la vacunaci\u00f3n y que la poblaci\u00f3n acceda en \u00e1mbitos m\u00e1s cercanos&#8221;.<\/p>\n<p>Explic\u00f3 que no se necesita sacar turnos y que a los menores de 17 a\u00f1os se los inocula con vacunas Sinopharm y Pfizer.<\/p>\n<p>Escobar indic\u00f3 que &#8220;queremos que las infancias comiencen las clases con la vacunaci\u00f3n completa, para cuidarnos entre todas y todos&#8221; y remarc\u00f3 que &#8220;en nuestros espacios culturales barriales las infancias y adolescencias son nuestros punto fuerte&#8221;.<\/p>\n<p>&nbsp;<\/p>\n<p><strong>Mendoza<\/strong><\/p>\n<p>En Mendoza, el director General de Escuelas (DGE), Jos\u00e9 Thomas, inform\u00f3 que habr\u00e1 vacunaci\u00f3n en las escuelas y que a partir del 10 de febrero, cuando los primeros alumnos comiencen las clases, &#8220;los directivos escolares recibir\u00e1n los documentos con la informaci\u00f3n de cada alumno y si tienen o no el esquema completo&#8221;.<\/p>\n<p>&#8220;Los directores son los mejores para transmitirle a los padres la gran importancia que tiene la vacunaci\u00f3n, en ellos depositan la confianza&#8221;, expres\u00f3.<\/p>\n<p>Y, explic\u00f3 que la estrategia de inoculaci\u00f3n en las escuelas ser\u00e1 similar a la aplicada en las colonias de verano, &#8220;apuntando a la realidad de cada territorio ya que sabemos que hay escuelas con menor n\u00famero de chicos vacunados&#8221;.<\/p>\n<p>&nbsp;<\/p>\n<p><strong>San Luis<\/strong><\/p>\n<p>En San Luis, donde seg\u00fan el Ministerio de Salud local hay un 94% de adolescentes vacunados y 83,20 con su esquema completo, las ministras de Salud y Educaci\u00f3n, Rosa D\u00e1vila y Mar\u00eda Eugenia Cantaloube, trabajan en conjunto en un retorno seguro a las aulas y recomiendan aprovechar lo que resta de febrero para iniciar o completar esquemas.<\/p>\n<p>&#8220;Las clases comenzar\u00e1n el 2 de marzo con presencialidad plena en toda la provincia y queremos pedirle a la comunidad educativa que este regreso a clases sea con los chicos y docentes vacunados porque la vacuna los protege a ellos y a su comunidad educativa&#8221;, indic\u00f3 la ministra de Educaci\u00f3n.<\/p>\n<p>&nbsp;<\/p>\n<p><strong>Jujuy<\/strong><\/p>\n<p>En Jujuy, alrededor del 40% de los 195.962 estudiantes registrados en los distintos niveles completaron el esquema de vacunaci\u00f3n, por lo que las autoridades instan a los padres a que lleven a vacunar a los m\u00e1s chicos antes del inicio del ciclo lectivo.<\/p>\n<p>&#8220;Los m\u00e1s grandes (nivel medio y adultos secundario) est\u00e1n vacunados un 60%, hay un 29% en el nivel inicial y en el primario hasta un 30% de vacunados&#8221;, indic\u00f3 la secretar\u00eda de Equidad Educativa de Jujuy, Fernanda Montenovi.<\/p>\n<p>Consultada sobre las estrategias de vacunaci\u00f3n implementadas, destac\u00f3 la labor en las &#8220;escuelas de verano en toda la provincia&#8221; desde el 10 de enero para promover la revinculaci\u00f3n con un trabajo de concientizaci\u00f3n destinado a padres y alumnos con el equipo de Salud Escolar.<\/p>\n<p>&#8220;Adem\u00e1s, estamos llevando a todas las instituciones el recorrido del VacuM\u00f3vil para que los pap\u00e1s puedan acercarse con los ni\u00f1os y completar el esquema de vacunaci\u00f3n&#8221;, a\u00f1adi\u00f3 y sostuvo que &#8220;es important\u00edsimo que los chicos lleguen vacunados para poder garantizar la presencialidad plena&#8221;.<\/p>\n<p>&nbsp;<\/p>\n<p><strong>Chubut<\/strong><\/p>\n<p>En Chubut, el ministro de Salud, Fabi\u00e1n Puratich, inform\u00f3 que &#8220;estamos trabajando para acelerar los esquemas de vacunaci\u00f3n en ni\u00f1os y adolescentes, sobre todo en la zona de Trelew y Puerto Madryn, con vacunatorios m\u00f3viles en plazas y lugares p\u00fablicos&#8221;.<\/p>\n<p>&#8220;El plan de vacunaci\u00f3n se reforzar\u00e1 tambi\u00e9n en las escuelas, pero no solo por el covid sino con todas las vacunas de calendario&#8221;, asegur\u00f3 y destac\u00f3 que la inoculaci\u00f3n se realiza sin turno previo y solo se tiene en cuenta que se respete el lapso de tiempo que deba transcurrir entre una aplicaci\u00f3n y otra.<\/p>\n<p>&nbsp;<\/p>\n<p><strong>Formosa<\/strong><\/p>\n<p>En Formosa, sigue la aplicaci\u00f3n de vacunas anticovid en distintas localidades y el gobernador Gildo Insfr\u00e1n remarc\u00f3 que &#8220;es muy importante que toda la poblaci\u00f3n objetivo de la provincia tenga el esquema completo de vacunaci\u00f3n, siendo ello una responsabilidad individual y comunitaria frente a los riesgos que implica la pandemia&#8221;.<\/p>\n<p>&nbsp;<\/p>\n<p><strong>Corrientes<\/strong><\/p>\n<p>En Corrientes, la campa\u00f1a de vacunaci\u00f3n se realiza sin turnos previos, por la ma\u00f1ana y la tarde, con distribuci\u00f3n de d\u00edas de acuerdo al n\u00famero de terminaci\u00f3n de DNI y, seg\u00fan el Ministerio de Salud, se avanza con las dosis de refuerzo a personal docente y no docente, adem\u00e1s de mayores de 18 a\u00f1os que no hayan completado el esquema de vacunaci\u00f3n.<\/p>\n<p>&nbsp;<\/p>\n<p><strong>R\u00edo Negro<\/strong><\/p>\n<p>En R\u00edo Negro, el Ministerio de Salud inform\u00f3 que la vacunaci\u00f3n contra el Covid-19 es libre, sin turnos y destac\u00f3 que ya se vacunaron m\u00e1s de 15.774 adolescentes con factores de riesgo y otros 98.491 sanos, junto a m\u00e1s de 146.424 ni\u00f1os de 3 a 11 a\u00f1os.<\/p>\n<p>&nbsp;<\/p>\n<p><strong>Entre R\u00edos<\/strong><\/p>\n<p>Entre R\u00edos registra cerca del 70% de su poblaci\u00f3n de entre 3 y 11 a\u00f1os con al menos dos dosis y un incremento de las solicitudes de inoculaci\u00f3n entre adolescentes de 12 a 17 a\u00f1os.<\/p>\n<p>&#8220;Estamos incentivando estrategias y herramientas para seguir generando adherencia y promover la vacunaci\u00f3n, avanzando en la aplicaci\u00f3n de segundas dosis y de refuerzo&#8221;, dijo la ministra de Salud provincial, Sonia Vel\u00e1zquez.<\/p>\n<p>Seg\u00fan la funcionaria, la vacunaci\u00f3n entre adolescentes se increment\u00f3 &#8220;considerablemente con la aparici\u00f3n del Pase Sanitario y ante el incremento de casos&#8221; por la variante \u00d3micron.<\/p>\n<p>Adem\u00e1s, el Gobierno entrerriano organiz\u00f3 una jornada de vacunaci\u00f3n libre, sin turno previo, para la aplicaci\u00f3n de primera y segunda dosis a adolescentes en dos plazas capitalinas, las S\u00e1enz Pe\u00f1a de la ciudad de Paran\u00e1 y del barrio San Agust\u00edn.<\/p>\n<p>Vel\u00e1zquez asegur\u00f3 que febrero &#8220;ser\u00e1 un mes bisagra&#8221; para fortalecer la vacunaci\u00f3n en estudiantes de nivel inicial, primaria, y secundaria, donde &#8220;ya comenz\u00f3 la aplicaci\u00f3n de refuerzos&#8221;.<\/p>\n<p>&nbsp;<\/p>\n<p><strong>Santa Cruz<\/strong><\/p>\n<p>Autoridades de Santa Cruz afirmaron que en pandemia prevalece el derecho a la salud y a la educaci\u00f3n, luego de que se informara que exigir\u00e1n testeos a docentes y clases virtuales a los alumnos que no se vacunen, seg\u00fan las \u00faltimas resoluciones emanadas del Consejo Provincial de Educaci\u00f3n (CPE) ante la proximidad del inicio del ciclo lectivo 2022.<\/p>\n<p>El vicepresidente del CPE, Ismael Enrique, asegur\u00f3 que &#8220;en realidad no hablamos de pase sanitario. No lo denominamos as\u00ed, ni tiene el sentido de pase sanitario que tiene una connotaci\u00f3n negativa y por eso se est\u00e1 hablando de que en Santa Cruz esto ocurre&#8221;.<\/p>\n<p>El Chalt\u00e9n, que tiene per\u00edodo especial, empez\u00f3 las clases este lunes y el resto de la provincia comenzar\u00e1 el ciclo lectivo el 2 de marzo &#8220;solicitando a cada estudiante que para ingresar a la escuela haya comenzado el esquema de vacunaci\u00f3n. Si alguno no ha podido iniciarlo por alg\u00fan motivo, lo que le pedimos es que aguarde a comenzarlo; y, mientras tanto, le vamos a garantizar la continuidad formativa a trav\u00e9s de aulas h\u00edbridas, la pantalla a trav\u00e9s del zoom, aulas virtuales como complemento y tambi\u00e9n otros recursos que se pueden poner a disposici\u00f3n a partir de lo que las escuelas definan&#8221;, a\u00f1adi\u00f3.<\/p>\n<p>&#8220;Para nosotros es una gran responsabilidad cuidar la salud y el derecho a la educaci\u00f3n. Los chicos que se han vacunado tienen derecho a permanecer en la escuela sin ning\u00fan tipo de riesgo. No hay discriminaci\u00f3n, sino responsabilidad de nuestra parte&#8221;, argument\u00f3 Enrique.<\/p>\n<p>&nbsp;<\/p>\n<p><strong>Santiago del Estero<\/strong><\/p>\n<p>En Santiago del Estero, la jefa del Programa Provincial de Inmunizaciones, Florencia Coronel, dijo que trabajan &#8220;fuertemente todos los d\u00edas en los diferentes centros de salud para llegar al ingreso escolar con todos los ni\u00f1os y ni\u00f1as con esquemas completos de vacunaci\u00f3n contra la Covid-19&#8221;.<\/p>\n<p>Para el regreso a las clases, dijo, &#8220;queremos tener a todos con sus segundas dosis&#8221; por lo tanto &#8220;estamos en todas las UPAs, CAPs, hospitales del interior y centros permanentes de vacunaci\u00f3n con dosis para los ni\u00f1os, ni\u00f1as y adolescentes&#8221;.<\/p>\n<p>&#8220;Es muy importante vacunarse, porque sabemos que con la variante \u00d3micron tuvimos m\u00e1s contagios en ni\u00f1os y por eso deben estar protegidos cuando vuelvan a la presencialidad en las escuelas, para que no se enfermen ni para que contagien a sus familias&#8221;, enfatiz\u00f3.<\/p>\n<p>&nbsp;<\/p>\n<p><strong>La Pampa<\/strong><\/p>\n<p>&nbsp;<\/p>\n<p>En La Pampa, el Ministerio de Salud, inform\u00f3 que tiene el 92,27% de la poblaci\u00f3n inscrita inmunizada contra la Covid-19, mientras junto a Educaci\u00f3n reforzaron la campa\u00f1a de vacunaci\u00f3n para garantizar la mayor presencialidad y las &#8220;aulas cuidadas&#8221; en el inicio del ciclo lectivo.<\/p>\n<p>&nbsp;<\/p>\n<p><strong>Neuqu\u00e9n<\/strong><\/p>\n<p>En Neuqu\u00e9n, 83.366 ni\u00f1os ya recibieron la primera dosis de la vacuna, lo que significa el 81% de dicha franja etaria, de los cuales 61.964 (60%) completaron su esquema, informaron este martes a T\u00e9lam fuentes del Ministerio de Salud de la provincia e indicaron que 50.081 adolescentes (77%) tienen vacunaci\u00f3n completa.<\/p>\n<p>Los voceros se\u00f1alaron que en la provincia &#8220;se desarrollan m\u00faltiples estrategias desde el comienzo de la campa\u00f1a de vacunaci\u00f3n, apuntando a brindar mayor accesibilidad para la comunidad. No s\u00f3lo con distintos dispositivos, sino tambi\u00e9n con diferentes horarios&#8221; en 121 sitios en toda la provincia.<\/p>\n","protected":false},"excerpt":{"rendered":"<p>Ante el inminente inicio del ciclo lectivo, las provincias intensificaron las campa\u00f1as de inmunizaci\u00f3n anticovid, con inoculaci\u00f3n en las escuelas, vacunatorios m\u00f3viles y m\u00e1s postas itinerantes para completar los esquemas de estudiantes, docentes y trabajadores &nbsp; &nbsp; Autoridades provinciales reforzaron las campa\u00f1as de vacunaci\u00f3n anticovid ante el inminente inicio de las clases con inoculaci\u00f3n en las escuelas, vacunatorios m\u00f3viles y m\u00e1s postas itinerantes para completar los esquemas de estudiantes, docentes y trabajadores del sector y &#8220;garantizar la presencialidad plena&#8221; en las aulas desde el 2 de marzo. En ese marco,&#8230;<\/p>\n","protected":false},"author":3,"featured_media":82242,"comment_status":"closed","ping_status":"closed","sticky":false,"template":"","format":"standard","meta":[],"categories":[2],"tags":[],"_links":{"self":[{"href":"https:\/\/www.actualidadadiario.com\/index.php\/wp-json\/wp\/v2\/posts\/82241"}],"collection":[{"href":"https:\/\/www.actualidadadiario.com\/index.php\/wp-json\/wp\/v2\/posts"}],"about":[{"href":"https:\/\/www.actualidadadiario.com\/index.php\/wp-json\/wp\/v2\/types\/post"}],"author":[{"embeddable":true,"href":"https:\/\/www.actualidadadiario.com\/index.php\/wp-json\/wp\/v2\/users\/3"}],"replies":[{"embeddable":true,"href":"https:\/\/www.actualidadadiario.com\/index.php\/wp-json\/wp\/v2\/comments?post=82241"}],"version-history":[{"count":1,"href":"https:\/\/www.actualidadadiario.com\/index.php\/wp-json\/wp\/v2\/posts\/82241\/revisions"}],"predecessor-version":[{"id":82243,"href":"https:\/\/www.actualidadadiario.com\/index.php\/wp-json\/wp\/v2\/posts\/82241\/revisions\/82243"}],"wp:featuredmedia":[{"embeddable":true,"href":"https:\/\/www.actualidadadiario.com\/index.php\/wp-json\/wp\/v2\/media\/82242"}],"wp:attachment":[{"href":"https:\/\/www.actualidadadiario.com\/index.php\/wp-json\/wp\/v2\/media?parent=82241"}],"wp:term":[{"taxonomy":"category","embeddable":true,"href":"https:\/\/www.actualidadadiario.com\/index.php\/wp-json\/wp\/v2\/categories?post=82241"},{"taxonomy":"post_tag","embeddable":true,"href":"https:\/\/www.actualidadadiario.com\/index.php\/wp-json\/wp\/v2\/tags?post=82241"}],"curies":[{"name":"wp","href":"https:\/\/api.w.org\/{rel}","templated":true}]}}