{"id":82214,"date":"2022-02-08T13:25:30","date_gmt":"2022-02-08T16:25:30","guid":{"rendered":"https:\/\/www.actualidadadiario.com\/?p=82214"},"modified":"2022-02-08T13:25:30","modified_gmt":"2022-02-08T16:25:30","slug":"covid-hay-menos-casos-en-chajari-pero-la-pandemia-esta-presente","status":"publish","type":"post","link":"https:\/\/www.actualidadadiario.com\/index.php\/2022\/02\/08\/covid-hay-menos-casos-en-chajari-pero-la-pandemia-esta-presente\/","title":{"rendered":"Covid: hay menos casos en Chajar\u00ed, pero \u201cla pandemia est\u00e1 presente\u201d"},"content":{"rendered":"<p style=\"text-align: center;\"><em><strong>La directora del Hospital Santa Rosa de Chajar\u00ed, Dra. Mar\u00eda Fernanda Lalosa, indic\u00f3 que hay en Chajar\u00ed y la regi\u00f3n un descenso en el n\u00famero de casos de Covid. Tambi\u00e9n baj\u00f3 el n\u00famero de consultas. \u201cLa pandemia est\u00e1 presente\u201d dijo, destacando la importancia de la vacunaci\u00f3n<\/strong><\/em><\/p>\n<p>&nbsp;<\/p>\n<p>&nbsp;<\/p>\n<p>Lalosa explic\u00f3 que \u201cal cambiar el criterio de hisopados, puede ser que nos estemos perdiendo algunas personas, pero igualmente hemos notado que bajaron los casos (de Covid) pero tambi\u00e9n baj\u00f3 el n\u00famero de consultas; en cambio cuando ten\u00edamos el pico (de contagios) era mucha la gente que concurr\u00eda al hospital\u201d.<\/p>\n<p>\u201cHoy podemos decir que, si bien se testea con otros criterios, tenemos un descenso de casos de Covid\u201d, apunt\u00f3 Lalosa, al tiempo que reiter\u00f3 que tambi\u00e9n descendi\u00f3 el n\u00famero de consultas en el nosocomio de la localidad.<\/p>\n<p>A pesar de lo expuesto, la profesional fue clara cuando indic\u00f3 que \u201cno me arriesgar\u00eda a decir que nos estamos retirando de la pandemia\u201d, agregando que \u201cla pandemia est\u00e1 presente y pueden seguir habiendo variantes porque el virus puede seguir mutando\u201d.<\/p>\n<p>Destac\u00f3 que la pandemia \u201cse est\u00e1 notando menos en internaciones, contagios y muertes, pero creo que esto sucede por la aplicaci\u00f3n de las vacunas\u201d, manifest\u00f3 Lalosa.<\/p>\n<p>En este marco record\u00f3 que aunque las personas est\u00e9n vacunadas el contagio es posible, aunque la enfermedad es m\u00e1s leve. Dijo tambi\u00e9n que hay que seguir tomando las precauciones de rigor.<\/p>\n","protected":false},"excerpt":{"rendered":"<p>La directora del Hospital Santa Rosa de Chajar\u00ed, Dra. Mar\u00eda Fernanda Lalosa, indic\u00f3 que hay en Chajar\u00ed y la regi\u00f3n un descenso en el n\u00famero de casos de Covid. Tambi\u00e9n baj\u00f3 el n\u00famero de consultas. \u201cLa pandemia est\u00e1 presente\u201d dijo, destacando la importancia de la vacunaci\u00f3n &nbsp; &nbsp; Lalosa explic\u00f3 que \u201cal cambiar el criterio de hisopados, puede ser que nos estemos perdiendo algunas personas, pero igualmente hemos notado que bajaron los casos (de Covid) pero tambi\u00e9n baj\u00f3 el n\u00famero de consultas; en cambio cuando ten\u00edamos el pico (de contagios)&#8230;<\/p>\n","protected":false},"author":3,"featured_media":81780,"comment_status":"closed","ping_status":"closed","sticky":false,"template":"","format":"standard","meta":[],"categories":[9,15],"tags":[],"_links":{"self":[{"href":"https:\/\/www.actualidadadiario.com\/index.php\/wp-json\/wp\/v2\/posts\/82214"}],"collection":[{"href":"https:\/\/www.actualidadadiario.com\/index.php\/wp-json\/wp\/v2\/posts"}],"about":[{"href":"https:\/\/www.actualidadadiario.com\/index.php\/wp-json\/wp\/v2\/types\/post"}],"author":[{"embeddable":true,"href":"https:\/\/www.actualidadadiario.com\/index.php\/wp-json\/wp\/v2\/users\/3"}],"replies":[{"embeddable":true,"href":"https:\/\/www.actualidadadiario.com\/index.php\/wp-json\/wp\/v2\/comments?post=82214"}],"version-history":[{"count":1,"href":"https:\/\/www.actualidadadiario.com\/index.php\/wp-json\/wp\/v2\/posts\/82214\/revisions"}],"predecessor-version":[{"id":82215,"href":"https:\/\/www.actualidadadiario.com\/index.php\/wp-json\/wp\/v2\/posts\/82214\/revisions\/82215"}],"wp:featuredmedia":[{"embeddable":true,"href":"https:\/\/www.actualidadadiario.com\/index.php\/wp-json\/wp\/v2\/media\/81780"}],"wp:attachment":[{"href":"https:\/\/www.actualidadadiario.com\/index.php\/wp-json\/wp\/v2\/media?parent=82214"}],"wp:term":[{"taxonomy":"category","embeddable":true,"href":"https:\/\/www.actualidadadiario.com\/index.php\/wp-json\/wp\/v2\/categories?post=82214"},{"taxonomy":"post_tag","embeddable":true,"href":"https:\/\/www.actualidadadiario.com\/index.php\/wp-json\/wp\/v2\/tags?post=82214"}],"curies":[{"name":"wp","href":"https:\/\/api.w.org\/{rel}","templated":true}]}}