{"id":82211,"date":"2022-02-08T13:24:40","date_gmt":"2022-02-08T16:24:40","guid":{"rendered":"https:\/\/www.actualidadadiario.com\/?p=82211"},"modified":"2022-02-08T13:24:40","modified_gmt":"2022-02-08T16:24:40","slug":"en-marzo-concluyen-las-obras-del-juzgado-federal-de-concordia","status":"publish","type":"post","link":"https:\/\/www.actualidadadiario.com\/index.php\/2022\/02\/08\/en-marzo-concluyen-las-obras-del-juzgado-federal-de-concordia\/","title":{"rendered":"En marzo concluyen las obras del Juzgado Federal de Concordia"},"content":{"rendered":"<p style=\"text-align: center;\"><em><strong>Las obras de remodelaci\u00f3n y adaptaci\u00f3n del edificio cedido por la Municipalidad para el funcionamiento del Juzgado Federal de Concordia se encuentran en su etapa final. Las estimaciones indican que en la primera quincena de marzo finalizar\u00e1n los trabajos para dar inicio al funcionamiento del organismo que tendr\u00e1 incumbencia en toda la regi\u00f3n noroeste de la provincia<\/strong><\/em><\/p>\n<p>&nbsp;<\/p>\n<p>&nbsp;<\/p>\n<p>En la primera Intendencia de Enrique Cresto, se dio un paso adelante muy importante facilitando al Consejo de la Magistratura un amplio sector del edificio del ex &#8211; Policl\u00ednico Ferroviario, en calle Carriego entre San Juan y La Rioja, para que sea destinado a este fin. El organismo judicial inici\u00f3 los trabajos que estar\u00edan finalizando en la primera quincena de marzo.<\/p>\n<p>El intendente Alfredo Francolini junto a la secretaria de Desarrollo Urbano Mireya L\u00f3pez Bernis recorrieron y supervisaron el avance de los trabajos, constatando que adem\u00e1s \u00e9l ya se recibi\u00f3 el mobiliario y otros elementos que permitir\u00e1n la puesta en marcha del Juzgado Federal que alcanzar\u00e1 a los Departamentos Concordia, San Salvador, Federaci\u00f3n, Federal y Feliciano, descongestionando la Justicia Federal que actualmente est\u00e1 a cargo del Juzgado Federal de Concepci\u00f3n del Uruguay.<\/p>\n<p>&#8220;El trabajo articulado entre los distintos niveles de Gobierno, Municipio, Provincia y Naci\u00f3n, junto a la Justicia nos permite dar pasos concretos para el desarrollo de la ciudad&#8221;, destac\u00f3 el intendente Alfredo Francolini.<\/p>\n","protected":false},"excerpt":{"rendered":"<p>Las obras de remodelaci\u00f3n y adaptaci\u00f3n del edificio cedido por la Municipalidad para el funcionamiento del Juzgado Federal de Concordia se encuentran en su etapa final. Las estimaciones indican que en la primera quincena de marzo finalizar\u00e1n los trabajos para dar inicio al funcionamiento del organismo que tendr\u00e1 incumbencia en toda la regi\u00f3n noroeste de la provincia &nbsp; &nbsp; En la primera Intendencia de Enrique Cresto, se dio un paso adelante muy importante facilitando al Consejo de la Magistratura un amplio sector del edificio del ex &#8211; Policl\u00ednico Ferroviario, en&#8230;<\/p>\n","protected":false},"author":3,"featured_media":82212,"comment_status":"closed","ping_status":"closed","sticky":false,"template":"","format":"standard","meta":[],"categories":[15],"tags":[],"_links":{"self":[{"href":"https:\/\/www.actualidadadiario.com\/index.php\/wp-json\/wp\/v2\/posts\/82211"}],"collection":[{"href":"https:\/\/www.actualidadadiario.com\/index.php\/wp-json\/wp\/v2\/posts"}],"about":[{"href":"https:\/\/www.actualidadadiario.com\/index.php\/wp-json\/wp\/v2\/types\/post"}],"author":[{"embeddable":true,"href":"https:\/\/www.actualidadadiario.com\/index.php\/wp-json\/wp\/v2\/users\/3"}],"replies":[{"embeddable":true,"href":"https:\/\/www.actualidadadiario.com\/index.php\/wp-json\/wp\/v2\/comments?post=82211"}],"version-history":[{"count":1,"href":"https:\/\/www.actualidadadiario.com\/index.php\/wp-json\/wp\/v2\/posts\/82211\/revisions"}],"predecessor-version":[{"id":82213,"href":"https:\/\/www.actualidadadiario.com\/index.php\/wp-json\/wp\/v2\/posts\/82211\/revisions\/82213"}],"wp:featuredmedia":[{"embeddable":true,"href":"https:\/\/www.actualidadadiario.com\/index.php\/wp-json\/wp\/v2\/media\/82212"}],"wp:attachment":[{"href":"https:\/\/www.actualidadadiario.com\/index.php\/wp-json\/wp\/v2\/media?parent=82211"}],"wp:term":[{"taxonomy":"category","embeddable":true,"href":"https:\/\/www.actualidadadiario.com\/index.php\/wp-json\/wp\/v2\/categories?post=82211"},{"taxonomy":"post_tag","embeddable":true,"href":"https:\/\/www.actualidadadiario.com\/index.php\/wp-json\/wp\/v2\/tags?post=82211"}],"curies":[{"name":"wp","href":"https:\/\/api.w.org\/{rel}","templated":true}]}}