{"id":8219,"date":"2017-03-09T10:21:22","date_gmt":"2017-03-09T13:21:22","guid":{"rendered":"http:\/\/actualidadadiario.com\/site\/?p=8219"},"modified":"2017-03-09T10:21:22","modified_gmt":"2017-03-09T13:21:22","slug":"imputaron-al-ministro-de-cultura-por-presunta-defraudacion-por-50-millones","status":"publish","type":"post","link":"https:\/\/www.actualidadadiario.com\/index.php\/2017\/03\/09\/imputaron-al-ministro-de-cultura-por-presunta-defraudacion-por-50-millones\/","title":{"rendered":"Imputaron al ministro de Cultura por presunta defraudaci\u00f3n por $ 50 millones"},"content":{"rendered":"<p><em><strong>El ministro de Cultura, Pablo Aveluto, fue imputado por presuntas irregularidades cometidas en licitaciones relacionadas con la Feria Internacional de Arte Contempor\u00e1neo ARCO que se desarroll\u00f3 en Espa\u00f1a<\/strong><\/em><\/p>\n<p>&nbsp;<\/p>\n<p>&nbsp;<\/p>\n<p>&nbsp;<\/p>\n<p>&nbsp;<\/p>\n<p>&nbsp;<\/p>\n<p>Seg\u00fan la denuncia presentada por los diputados nacionales por el FpV-PJ, Rodolfo Tailhade y Liliana Mazure, el ministro orden\u00f3 millonarias contrataciones, cuyos valores rondar\u00edan los $ 50 millones, que se destinaron a beneficiar a artistas &#8220;amigos&#8221; o familiares directos de funcionarios y hasta del Presidente, ya que una de las expositoras fue Mar\u00eda Calcaterra, sobrina de Mauricio Macri, hija de \u00c1ngelo.<\/p>\n<p>&nbsp;<\/p>\n<p>Pero tambi\u00e9n el funcionario habr\u00eda favorecido al secretario Legal y T\u00e9cnico, Pablo Clusellas, a trav\u00e9s de su primo Mariano, que gan\u00f3 la licitaci\u00f3n con su estudio de arquitectura para organizar &#8220;las galer\u00edas&#8221; argentinas del stand en la muesta. Los delitos que le imputan a Avelluto son defraudaci\u00f3n contra la administraci\u00f3n p\u00fablica y negociaciones incompatibles.<\/p>\n<p>&nbsp;<\/p>\n<p>La Argentina desembarc\u00f3 en ARCOmadrid con una selecci\u00f3n de 12 galer\u00edas de arte (Barro, Cosmocosa, Del Infinito, Henrique Faria-Buenos Aires, Ignacio Liprandi, Isla Flotante, Jorge Mar\u00eda La Ruche, Mite, Nora Fisch, Ruth Benzacar, Slyzmud y Vasari), que mostr\u00f3 la obra de 23 artistas de todo el pa\u00eds en su sede de IFEMA.<\/p>\n<p>&nbsp;<\/p>\n<p>El pedido de los legisladores a la Justicia para que investigue la Licitaci\u00f3n N\u00b0 16\/16, como as\u00ed tambi\u00e9n varias contrataciones directas, incluy\u00f3 a la primera dama Juliana Awada, aunque la dise\u00f1adora todav\u00eda no fue imputada.<\/p>\n<p>&nbsp;<\/p>\n<p>La inclusi\u00f3n de Awada se debe a que Avelluto dijo que la esposa de Macri &#8220;fue una gran impulsora de todo esto&#8221;, en referencia a la muestra de arte montada en la capital espa\u00f1ola. Por ello, los diputados quieren saber &#8220;qu\u00e9 participaci\u00f3n tuvo la Sra. Awada, cu\u00e1l fue su &#8216;impulso&#8217; en relaci\u00f3n con la feria y con las millonarias contrataciones que se realizaron en torno a \u00e9sta&#8221;.<\/p>\n<p>&nbsp;<\/p>\n<p>La causa recay\u00f3 por sorteo en el juzgado de Sebasti\u00e1n Casanello y ser\u00e1 investigada por el fiscal Franco Picardi, quien ya consider\u00f3 que hay motivos suficientes para investigar a Avelluto.<\/p>\n<p>&nbsp;<\/p>\n<p>En tanto, d\u00edas atr\u00e1s, el Ministerio de Cultura de la Naci\u00f3n calific\u00f3 la presencia de la Argentina en la feria ARCOmadrid y de su programa Argentina Plataforma\/ ARCO como &#8220;todo un \u00e9xito&#8221;. En un comunicado oficial asegur\u00f3 que m\u00e1s de 170.000 personas disfrutaron de las propuestas que hizo el pa\u00eds en el evento.<\/p>\n<p>&nbsp;<\/p>\n<p>&#8220;El balance es m\u00e1s que positivo. Logramos transmitir la visi\u00f3n sin prejuicios de una cultura contempor\u00e1nea, viva e intensa, irreverente y diversa que acompa\u00f1a una nueva mirada sobre nuestro pa\u00eds&#8221;, asegur\u00f3 el ministro en un comunicado.<\/p>\n","protected":false},"excerpt":{"rendered":"<p>El ministro de Cultura, Pablo Aveluto, fue imputado por presuntas irregularidades cometidas en licitaciones relacionadas con la Feria Internacional de Arte Contempor\u00e1neo ARCO que se desarroll\u00f3 en Espa\u00f1a &nbsp; &nbsp; &nbsp; &nbsp; &nbsp; Seg\u00fan la denuncia presentada por los diputados nacionales por el FpV-PJ, Rodolfo Tailhade y Liliana Mazure, el ministro orden\u00f3 millonarias contrataciones, cuyos valores rondar\u00edan los $ 50 millones, que se destinaron a beneficiar a artistas &#8220;amigos&#8221; o familiares directos de funcionarios y hasta del Presidente, ya que una de las expositoras fue Mar\u00eda Calcaterra, sobrina de Mauricio&#8230;<\/p>\n","protected":false},"author":3,"featured_media":8220,"comment_status":"closed","ping_status":"closed","sticky":false,"template":"","format":"standard","meta":[],"categories":[18],"tags":[],"_links":{"self":[{"href":"https:\/\/www.actualidadadiario.com\/index.php\/wp-json\/wp\/v2\/posts\/8219"}],"collection":[{"href":"https:\/\/www.actualidadadiario.com\/index.php\/wp-json\/wp\/v2\/posts"}],"about":[{"href":"https:\/\/www.actualidadadiario.com\/index.php\/wp-json\/wp\/v2\/types\/post"}],"author":[{"embeddable":true,"href":"https:\/\/www.actualidadadiario.com\/index.php\/wp-json\/wp\/v2\/users\/3"}],"replies":[{"embeddable":true,"href":"https:\/\/www.actualidadadiario.com\/index.php\/wp-json\/wp\/v2\/comments?post=8219"}],"version-history":[{"count":1,"href":"https:\/\/www.actualidadadiario.com\/index.php\/wp-json\/wp\/v2\/posts\/8219\/revisions"}],"predecessor-version":[{"id":8221,"href":"https:\/\/www.actualidadadiario.com\/index.php\/wp-json\/wp\/v2\/posts\/8219\/revisions\/8221"}],"wp:featuredmedia":[{"embeddable":true,"href":"https:\/\/www.actualidadadiario.com\/index.php\/wp-json\/wp\/v2\/media\/8220"}],"wp:attachment":[{"href":"https:\/\/www.actualidadadiario.com\/index.php\/wp-json\/wp\/v2\/media?parent=8219"}],"wp:term":[{"taxonomy":"category","embeddable":true,"href":"https:\/\/www.actualidadadiario.com\/index.php\/wp-json\/wp\/v2\/categories?post=8219"},{"taxonomy":"post_tag","embeddable":true,"href":"https:\/\/www.actualidadadiario.com\/index.php\/wp-json\/wp\/v2\/tags?post=8219"}],"curies":[{"name":"wp","href":"https:\/\/api.w.org\/{rel}","templated":true}]}}