{"id":8201,"date":"2017-03-09T10:10:00","date_gmt":"2017-03-09T13:10:00","guid":{"rendered":"http:\/\/actualidadadiario.com\/site\/?p=8201"},"modified":"2017-03-09T10:10:00","modified_gmt":"2017-03-09T13:10:00","slug":"por-fin-se-firmo-el-acuerdo-y-este-jueves-vuelve-el-futbol-argentino","status":"publish","type":"post","link":"https:\/\/www.actualidadadiario.com\/index.php\/2017\/03\/09\/por-fin-se-firmo-el-acuerdo-y-este-jueves-vuelve-el-futbol-argentino\/","title":{"rendered":"Por fin: se firm\u00f3 el acuerdo y este jueves vuelve el f\u00fatbol argentino"},"content":{"rendered":"<p><em><strong>Luego de que las negociaciones se extendieron mucho m\u00e1s de lo esperado, la AFA y Futbolistas Argentinos Agremiados firmaron en el ministerio de Trabajo el acuerdo por el que se levanta la huelga de jugadores y ma\u00f1ana volver\u00e1 el f\u00fatbol<\/strong><\/em><\/p>\n<p>&nbsp;<\/p>\n<p>&nbsp;<\/p>\n<p>&nbsp;<\/p>\n<p>&nbsp;<\/p>\n<p>&nbsp;<\/p>\n<p>&#8220;Muchas gracias a los que han colaborado para que empiece el f\u00fatbol argentino&#8221;, dijo Chiqui Tapia en la conferencia de prensa que reuni\u00f3 a los dirigentes, Agremiados y el Estado para realizar el anuncio que todos esperaban.<\/p>\n<p>&nbsp;<\/p>\n<p>La reuni\u00f3n, que comenz\u00f3 minutos despu\u00e9s de las 12 y se extendi\u00f3 durante casi cinco horas, fue intensa y hasta se lleg\u00f3 a poner en duda el acuerdo que el presidente de la Comisi\u00f3n Normalizadora, Armando P\u00e9rez, y Sergio Marchi, de Agremiados, hab\u00edan alcanzado el martes.<\/p>\n<p>&nbsp;<\/p>\n<p>El acuerdo tambale\u00f3 debido a que Agremiados objet\u00f3 la manera en la que se iba a distribuir el dinero. Sin embargo, ambas partes cedieron y finalmente sellaron el acuerdo, que ser\u00e1 anunciado en conferencia de prensa.<\/p>\n<p>&nbsp;<\/p>\n<p>&nbsp;<\/p>\n<p><strong>\u00bfCu\u00e1ndo vuelve el f\u00fatbol?<\/strong><\/p>\n<p>La pelota volver\u00e1 a rodar oficialmente ma\u00f1ana en el f\u00fatbol argentino debido a que la AFA y Agremiados firmaron este mi\u00e9rcoles el acuerdo que permiti\u00f3 el levantamiento de la medida de fuerza de los jugadores.<\/p>\n<p>&nbsp;<\/p>\n<p>En la reuni\u00f3n que se desarroll\u00f3 hoy en el ministerio de Trabajo, que fue mucho m\u00e1s intensa de lo que se esperaba, el presidente de la Comisi\u00f3n Normalizadora, Armando P\u00e9rez, y el titular de agremiados, Sergio Marchi, ratificaron el acuerdo que hab\u00edan alcanzado el martes y por eso ma\u00f1ana V\u00e9lez y Estudiantes pondr\u00e1n en marcha la decimoquinta fecha del torneo de Primera Divisi\u00f3n.<\/p>\n<p>El encuentro que comenzar\u00e1 a las 21 en Liniers marcar\u00e1 el esperado reinicio del f\u00fatbol dom\u00e9stico, en tanto que desde el viernes se disputar\u00e1n tambi\u00e9n partidos correspondientes a la Primera B Nacional, Primera B y C.<\/p>\n<p>&nbsp;<\/p>\n<p>P\u00e9rez y Marchi, adem\u00e1s de Claudio Tapia y Javier Med\u00edn, llegaron a la sede del ministerio de Trabajo, en Alem al 600 de esta capital, donde los esperaban Jorge Triaca y otros funcionarios de esa cartera, con la confianza de que sellar\u00edan r\u00e1pidamente el acuerdo, despu\u00e9s de las buenas negociaciones del martes.<\/p>\n<p>&nbsp;<\/p>\n<p>Pero apareci\u00f3 un elemento inesperado que trab\u00f3 la negociaci\u00f3n y amenaz\u00f3 hasta con dilatar a\u00fan m\u00e1s el esperado regreso del f\u00fatbol. Es que no lograban ponerse de acuerdo en la manera en la que se va a distribuir el dinero, cuya suma si estaba acordada.<\/p>\n<p>&nbsp;<\/p>\n<p>Finalmente ambas partes cedieron, seg\u00fan cont\u00f3 Tapia en la conferencia de prensa que se realiz\u00f3 despu\u00e9s de las m\u00e1s de cinco horas de reuni\u00f3n, y hubo acuerdo, aunque todav\u00eda restan peque\u00f1os detalles por definir.<\/p>\n<p>&nbsp;<\/p>\n<p>Sab\u00edan los dirigentes que no ten\u00edan margen para anunciar un nuevo fin de semana sin f\u00fatbol.<\/p>\n<p>&nbsp;<\/p>\n<p>&#8220;Ojala esto no se vuelva a repetir y cada uno sepa que debe gestionar bien, que hay que cambiar, transformar&#8221;, dijo Marchi tras celebrar el acuerdo y agradecerle la predisposici\u00f3n a los futbolistas.<\/p>\n<p>&nbsp;<\/p>\n<p>Tan caliente fue la reuni\u00f3n que Marchi cont\u00f3 que hubo &#8220;roces pero cada uno sabr\u00e1 interpretar que es en el marco de las responsabilidades que cada uno debe ejercer&#8221;.<\/p>\n<p>&nbsp;<\/p>\n<p>La pelota volver\u00e1 a rodar despu\u00e9s de ochenta d\u00edas y de idas y vueltas que dejan en clara evidencia la profunda crisis institucional y econ\u00f3mica en la que est\u00e1 inmersa el f\u00fatbol argentino.<\/p>\n","protected":false},"excerpt":{"rendered":"<p>Luego de que las negociaciones se extendieron mucho m\u00e1s de lo esperado, la AFA y Futbolistas Argentinos Agremiados firmaron en el ministerio de Trabajo el acuerdo por el que se levanta la huelga de jugadores y ma\u00f1ana volver\u00e1 el f\u00fatbol &nbsp; &nbsp; &nbsp; &nbsp; &nbsp; &#8220;Muchas gracias a los que han colaborado para que empiece el f\u00fatbol argentino&#8221;, dijo Chiqui Tapia en la conferencia de prensa que reuni\u00f3 a los dirigentes, Agremiados y el Estado para realizar el anuncio que todos esperaban. &nbsp; La reuni\u00f3n, que comenz\u00f3 minutos despu\u00e9s de&#8230;<\/p>\n","protected":false},"author":3,"featured_media":8202,"comment_status":"closed","ping_status":"closed","sticky":false,"template":"","format":"standard","meta":[],"categories":[4],"tags":[],"_links":{"self":[{"href":"https:\/\/www.actualidadadiario.com\/index.php\/wp-json\/wp\/v2\/posts\/8201"}],"collection":[{"href":"https:\/\/www.actualidadadiario.com\/index.php\/wp-json\/wp\/v2\/posts"}],"about":[{"href":"https:\/\/www.actualidadadiario.com\/index.php\/wp-json\/wp\/v2\/types\/post"}],"author":[{"embeddable":true,"href":"https:\/\/www.actualidadadiario.com\/index.php\/wp-json\/wp\/v2\/users\/3"}],"replies":[{"embeddable":true,"href":"https:\/\/www.actualidadadiario.com\/index.php\/wp-json\/wp\/v2\/comments?post=8201"}],"version-history":[{"count":1,"href":"https:\/\/www.actualidadadiario.com\/index.php\/wp-json\/wp\/v2\/posts\/8201\/revisions"}],"predecessor-version":[{"id":8203,"href":"https:\/\/www.actualidadadiario.com\/index.php\/wp-json\/wp\/v2\/posts\/8201\/revisions\/8203"}],"wp:featuredmedia":[{"embeddable":true,"href":"https:\/\/www.actualidadadiario.com\/index.php\/wp-json\/wp\/v2\/media\/8202"}],"wp:attachment":[{"href":"https:\/\/www.actualidadadiario.com\/index.php\/wp-json\/wp\/v2\/media?parent=8201"}],"wp:term":[{"taxonomy":"category","embeddable":true,"href":"https:\/\/www.actualidadadiario.com\/index.php\/wp-json\/wp\/v2\/categories?post=8201"},{"taxonomy":"post_tag","embeddable":true,"href":"https:\/\/www.actualidadadiario.com\/index.php\/wp-json\/wp\/v2\/tags?post=8201"}],"curies":[{"name":"wp","href":"https:\/\/api.w.org\/{rel}","templated":true}]}}