{"id":8198,"date":"2017-03-09T10:09:04","date_gmt":"2017-03-09T13:09:04","guid":{"rendered":"http:\/\/actualidadadiario.com\/site\/?p=8198"},"modified":"2017-03-09T10:09:04","modified_gmt":"2017-03-09T13:09:04","slug":"frigerio-cuestiono-que-en-un-momento-de-recuperacion-los-gremios-realicen-paros-y-marchas","status":"publish","type":"post","link":"https:\/\/www.actualidadadiario.com\/index.php\/2017\/03\/09\/frigerio-cuestiono-que-en-un-momento-de-recuperacion-los-gremios-realicen-paros-y-marchas\/","title":{"rendered":"Frigerio cuestion\u00f3 que &#8220;en un momento de recuperaci\u00f3n&#8221;, los gremios &#8220;realicen paros y marchas&#8221;"},"content":{"rendered":"<p><em><strong>El Gobierno nacional volvi\u00f3 a cuestionar las movilizaciones convocadas por docentes y por la Confederaci\u00f3n General del Trabajo (CGT), y las atribuy\u00f3 al a\u00f1o electoral. En este marco, el ministro de Interior, Rogelio Frigerio, lament\u00f3 que en un momento de &#8220;recuperaci\u00f3n&#8221; econ\u00f3mica los gremios realicen &#8220;paros&#8221; y &#8220;marchas&#8221;<\/strong><\/em><\/p>\n<p>&nbsp;<\/p>\n<p>&nbsp;<\/p>\n<p>&nbsp;<\/p>\n<p>&nbsp;<\/p>\n<p>&nbsp;<\/p>\n<p>&nbsp;<\/p>\n<p>&#8220;En esta Argentina que se pone de pie empiezan los paros y empiezan las marchas. No podemos dejar de pensar que esto est\u00e1 te\u00f1ido de un a\u00f1o electoral que se anticip\u00f3 demasiado, porque todav\u00eda falta mucho tiempo para las elecciones&#8221;, se\u00f1al\u00f3 Frigerio en declaraciones a El Tribuno.<\/p>\n<p>&nbsp;<\/p>\n<p>El ministro afirm\u00f3 que en el acto de la CGT hubo &#8220;muchas caras de funcionarios precisamente responsables de haber llevado a la Argentina a esta situaci\u00f3n, a un tercio de los compatriotas por debajo de la l\u00ednea de la pobreza, una Argentina con narcotr\u00e1fico, una Argentina desunida&#8221;.<\/p>\n<p>&nbsp;<\/p>\n<p>&#8220;Los responsables de esa situaci\u00f3n estaban ayer en el palco o cerca del palco reclamando cambios en un Gobierno que acaba de asumir hace poco m\u00e1s de un a\u00f1o. Me parece que ese fue el mensaje&#8221;, advirti\u00f3.<\/p>\n<p>&nbsp;<\/p>\n<p>Frigerio dijo adem\u00e1s que el Gobierno agradece &#8220;el apoyo de la central obrera a la gobernabilidad durante un a\u00f1o muy dif\u00edcil como fue 2016&#8221; pero que &#8220;llama la atenci\u00f3n&#8221; que haya protestas &#8220;cuando todas las variables macroecon\u00f3micas difundidas por un Indec recuperado y transparente muestran una recuperaci\u00f3n, lenta y trabajosa, pero recuperaci\u00f3n al fin&#8221;.<\/p>\n<p>&nbsp;<\/p>\n<p>&#8220;Estas estad\u00edsticas muestran que estamos dejando atr\u00e1s la recesi\u00f3n, que estamos creando empleos productivos y que estamos bajando la inflaci\u00f3n&#8221;, subray\u00f3.<\/p>\n<p>&nbsp;<\/p>\n<p>Para el ministro, &#8220;este no es el momento de la mezquindad ni de la partidocracia, es el momento de tirar todos para el mismo lado, no es lo mismo que se vio en la manifestaci\u00f3n: violencia, divisi\u00f3n, todo lo que la Argentina quiere dejar atr\u00e1s&#8221;.<\/p>\n","protected":false},"excerpt":{"rendered":"<p>El Gobierno nacional volvi\u00f3 a cuestionar las movilizaciones convocadas por docentes y por la Confederaci\u00f3n General del Trabajo (CGT), y las atribuy\u00f3 al a\u00f1o electoral. En este marco, el ministro de Interior, Rogelio Frigerio, lament\u00f3 que en un momento de &#8220;recuperaci\u00f3n&#8221; econ\u00f3mica los gremios realicen &#8220;paros&#8221; y &#8220;marchas&#8221; &nbsp; &nbsp; &nbsp; &nbsp; &nbsp; &nbsp; &#8220;En esta Argentina que se pone de pie empiezan los paros y empiezan las marchas. No podemos dejar de pensar que esto est\u00e1 te\u00f1ido de un a\u00f1o electoral que se anticip\u00f3 demasiado, porque todav\u00eda falta mucho&#8230;<\/p>\n","protected":false},"author":3,"featured_media":8199,"comment_status":"closed","ping_status":"closed","sticky":false,"template":"","format":"standard","meta":[],"categories":[18],"tags":[],"_links":{"self":[{"href":"https:\/\/www.actualidadadiario.com\/index.php\/wp-json\/wp\/v2\/posts\/8198"}],"collection":[{"href":"https:\/\/www.actualidadadiario.com\/index.php\/wp-json\/wp\/v2\/posts"}],"about":[{"href":"https:\/\/www.actualidadadiario.com\/index.php\/wp-json\/wp\/v2\/types\/post"}],"author":[{"embeddable":true,"href":"https:\/\/www.actualidadadiario.com\/index.php\/wp-json\/wp\/v2\/users\/3"}],"replies":[{"embeddable":true,"href":"https:\/\/www.actualidadadiario.com\/index.php\/wp-json\/wp\/v2\/comments?post=8198"}],"version-history":[{"count":1,"href":"https:\/\/www.actualidadadiario.com\/index.php\/wp-json\/wp\/v2\/posts\/8198\/revisions"}],"predecessor-version":[{"id":8200,"href":"https:\/\/www.actualidadadiario.com\/index.php\/wp-json\/wp\/v2\/posts\/8198\/revisions\/8200"}],"wp:featuredmedia":[{"embeddable":true,"href":"https:\/\/www.actualidadadiario.com\/index.php\/wp-json\/wp\/v2\/media\/8199"}],"wp:attachment":[{"href":"https:\/\/www.actualidadadiario.com\/index.php\/wp-json\/wp\/v2\/media?parent=8198"}],"wp:term":[{"taxonomy":"category","embeddable":true,"href":"https:\/\/www.actualidadadiario.com\/index.php\/wp-json\/wp\/v2\/categories?post=8198"},{"taxonomy":"post_tag","embeddable":true,"href":"https:\/\/www.actualidadadiario.com\/index.php\/wp-json\/wp\/v2\/tags?post=8198"}],"curies":[{"name":"wp","href":"https:\/\/api.w.org\/{rel}","templated":true}]}}