{"id":8195,"date":"2017-03-09T10:07:55","date_gmt":"2017-03-09T13:07:55","guid":{"rendered":"http:\/\/actualidadadiario.com\/site\/?p=8195"},"modified":"2017-03-09T10:22:14","modified_gmt":"2017-03-09T13:22:14","slug":"gobierno-advierte-que-no-cambiara-el-rumbo","status":"publish","type":"post","link":"https:\/\/www.actualidadadiario.com\/index.php\/2017\/03\/09\/gobierno-advierte-que-no-cambiara-el-rumbo\/","title":{"rendered":"Gobierno advierte que no cambiar\u00e1 el rumbo"},"content":{"rendered":"<p><em><strong>Al mismo tiempo, augura que &#8220;el clima econ\u00f3mico ser\u00e1 mejor&#8221; hacia las elecciones. En Balcarce 50 aseguran, de todos modos, que los sindicalistas &#8220;tienen todo el derecho a reclamar un cambio en las pol\u00edtic<\/strong><strong>as&#8221;<\/strong><\/em><\/p>\n<p>&nbsp;<\/p>\n<p>&nbsp;<\/p>\n<p>&nbsp;<\/p>\n<p>&nbsp;<\/p>\n<p>&nbsp;<\/p>\n<p>El Gobierno rechaz\u00f3 la posibilidad de modificar las pol\u00edticas econ\u00f3micas tal como reclam\u00f3 la CGT y asegur\u00f3 que &#8220;no hay medidas macro&#8221; sino &#8220;cuestiones a resolver de manera sectorial&#8221;, al tiempo que augur\u00f3 que el &#8220;clima econ\u00f3mico ser\u00e1 mejor&#8221; en la medida en que avance el a\u00f1o electoral.<\/p>\n<p>&nbsp;<\/p>\n<p>Luego de la masiva movilizaci\u00f3n de la central obrera, que advirti\u00f3 que habr\u00e1 un paro general si no se cambia el rumbo econ\u00f3mico, en Balcarce 50 aseguran que los sindicalistas &#8220;tienen todo el derecho a reclamar un cambio en las pol\u00edticas&#8221;, aunque aclaran que no se tendr\u00e1 en cuenta ese pedido.<\/p>\n<p>&nbsp;<\/p>\n<p>&#8220;Nosotros tenemos unas ideas sobre la Argentina que nos gustar\u00eda que sea y no las vamos a cambiar. Para los sectores que est\u00e1n en dificultades hay que sentarse a hablar. No hay medidas macro, son todas cuestiones que hay que resolver en mesas sectoriales&#8221;, resalt\u00f3 un importante funcionario nacional.<\/p>\n<p>&nbsp;<\/p>\n<p>Consultado sobre las cr\u00edticas de la Confederaci\u00f3n General del Trabajo (CGT) al Gobierno y al sector empresario por no respetar el acuerdo para no despedir trabajadores, uno de los hombres que integra la mesa chica del presidente Mauricio Macri afirm\u00f3 que &#8220;si un empresario se comprometi\u00f3 a que no haya despidos y despidi\u00f3 a alguien, est\u00e1 mal, incumpli\u00f3 su palabra&#8221;.<\/p>\n<p>&nbsp;<\/p>\n<p>&#8220;No tenemos ning\u00fan instrumento legal. Podemos decirle \u00b4No despidas\u00b4. M\u00e1s que eso no podemos hacer&#8221;, reconoci\u00f3 el dirigente oficialista.<\/p>\n","protected":false},"excerpt":{"rendered":"<p>Al mismo tiempo, augura que &#8220;el clima econ\u00f3mico ser\u00e1 mejor&#8221; hacia las elecciones. En Balcarce 50 aseguran, de todos modos, que los sindicalistas &#8220;tienen todo el derecho a reclamar un cambio en las pol\u00edticas&#8221; &nbsp; &nbsp; &nbsp; &nbsp; &nbsp; El Gobierno rechaz\u00f3 la posibilidad de modificar las pol\u00edticas econ\u00f3micas tal como reclam\u00f3 la CGT y asegur\u00f3 que &#8220;no hay medidas macro&#8221; sino &#8220;cuestiones a resolver de manera sectorial&#8221;, al tiempo que augur\u00f3 que el &#8220;clima econ\u00f3mico ser\u00e1 mejor&#8221; en la medida en que avance el a\u00f1o electoral. &nbsp; Luego de&#8230;<\/p>\n","protected":false},"author":3,"featured_media":8196,"comment_status":"closed","ping_status":"closed","sticky":false,"template":"","format":"standard","meta":[],"categories":[9],"tags":[],"_links":{"self":[{"href":"https:\/\/www.actualidadadiario.com\/index.php\/wp-json\/wp\/v2\/posts\/8195"}],"collection":[{"href":"https:\/\/www.actualidadadiario.com\/index.php\/wp-json\/wp\/v2\/posts"}],"about":[{"href":"https:\/\/www.actualidadadiario.com\/index.php\/wp-json\/wp\/v2\/types\/post"}],"author":[{"embeddable":true,"href":"https:\/\/www.actualidadadiario.com\/index.php\/wp-json\/wp\/v2\/users\/3"}],"replies":[{"embeddable":true,"href":"https:\/\/www.actualidadadiario.com\/index.php\/wp-json\/wp\/v2\/comments?post=8195"}],"version-history":[{"count":1,"href":"https:\/\/www.actualidadadiario.com\/index.php\/wp-json\/wp\/v2\/posts\/8195\/revisions"}],"predecessor-version":[{"id":8197,"href":"https:\/\/www.actualidadadiario.com\/index.php\/wp-json\/wp\/v2\/posts\/8195\/revisions\/8197"}],"wp:featuredmedia":[{"embeddable":true,"href":"https:\/\/www.actualidadadiario.com\/index.php\/wp-json\/wp\/v2\/media\/8196"}],"wp:attachment":[{"href":"https:\/\/www.actualidadadiario.com\/index.php\/wp-json\/wp\/v2\/media?parent=8195"}],"wp:term":[{"taxonomy":"category","embeddable":true,"href":"https:\/\/www.actualidadadiario.com\/index.php\/wp-json\/wp\/v2\/categories?post=8195"},{"taxonomy":"post_tag","embeddable":true,"href":"https:\/\/www.actualidadadiario.com\/index.php\/wp-json\/wp\/v2\/tags?post=8195"}],"curies":[{"name":"wp","href":"https:\/\/api.w.org\/{rel}","templated":true}]}}