{"id":8192,"date":"2017-03-09T10:07:05","date_gmt":"2017-03-09T13:07:05","guid":{"rendered":"http:\/\/actualidadadiario.com\/site\/?p=8192"},"modified":"2017-03-09T10:07:05","modified_gmt":"2017-03-09T13:07:05","slug":"para-la-uia-la-recesion-aun-no-termino","status":"publish","type":"post","link":"https:\/\/www.actualidadadiario.com\/index.php\/2017\/03\/09\/para-la-uia-la-recesion-aun-no-termino\/","title":{"rendered":"Para la UIA, la recesi\u00f3n a\u00fan no termin\u00f3"},"content":{"rendered":"<p><em><strong>Los economistas de la central fabril proyectan un crecimiento de la producci\u00f3n de entre 1,5% y 2% para este a\u00f1o. \u00a0En la primera reuni\u00f3n del a\u00f1o el Comit\u00e9 Ejecutivo de la entidad fabril eval\u00fao una realidad muy distinta de la que presenta el Gobierno para 2017<\/strong><\/em><\/p>\n<p>&nbsp;<\/p>\n<p>&nbsp;<\/p>\n<p>&nbsp;<\/p>\n<p>&nbsp;<\/p>\n<p>&nbsp;<\/p>\n<p>Como en todo arranque de &#8220;a\u00f1o operativo&#8221; ayer en la primera reuni\u00f3n del Comit\u00e9 Ejecutivo de la UIA el orden del d\u00eda hac\u00eda un repaso de los distintos eventos acontecidos a lo largo de enero y febrero. Pero r\u00e1pidamente el encuentro gir\u00f3 hacia la dura realidad del sector manufacturero, que arrastra una ca\u00edda en el nivel de producci\u00f3n del 4,9% en 2016. &#8220;La visi\u00f3n que recogimos, despu\u00e9s de escuchar el panorama sectorial de cada referente del Comit\u00e9, frente a las afirmaciones de algunos funcionarios acerca de que acab\u00f3 la recesi\u00f3n, es preguntarnos: \u00bfd\u00f3nde? Porque con ver las ca\u00eddas del primer bimestre y el nivel de capacidad ociosa existente es dif\u00edcil convalidar dicho diagn\u00f3stico&#8221;, confi\u00f3 un miembro del \u00f3rgano de la UIA.<\/p>\n<p>&nbsp;<\/p>\n<p>Si bien el entramado industrial presenta una heterogeneidad en cuanto a la perfomance en el inicio de 2017, hay varios denominadores comunes, entre las preocupaciones y amenazas que mantienen en vilo a los industriales. Podr\u00edan resumirse en cinco temas clave: mayores importaciones, baja demanda, elevada capacidad ociosa, atraso cambiario y alto costo financiero. Como era de esperar, los mayores lamentos provinieron de los sectores de calzado y metalurgia, pero ello no inhibi\u00f3 a que, por ejemplo, hasta referentes de la rama de alimentos y bebidas, y gr\u00e1fica presentaran una visi\u00f3n sectorial distinta de la que transmiten desde el Gobierno. M\u00e1s all\u00e1 de las manifestaciones del secretario de Comercio, Miguel Braun, qui\u00e9n habl\u00f3 de promedios, al referirse d\u00edas atr\u00e1s a la avalancha importadora, ayer en la reuni\u00f3n pusieron en la mesa el dato que, en un sector sensible como calzado, en el primer bimestre entraron m\u00e1s de 600.000 pares importados cuando un a\u00f1o atr\u00e1s hab\u00edan ingresado 360.000 (aumentaron un 67%). Otro tanto aconteci\u00f3, por ejemplo, con las compras de libros importados. Tambi\u00e9n los metal\u00fargicos manifestaron sus quejas, mientras enfrentan una compleja situaci\u00f3n local e internacional. A lo que se sumaron datos de la incursi\u00f3n importadora en las g\u00f3ndolas de los supermercados.<\/p>\n<p>&nbsp;<\/p>\n<p>El valor del d\u00f3lar no estuvo ausente. &#8220;Hubo adem\u00e1s un fuerte aumento de los costos, en d\u00f3lares, en el comienzo de este a\u00f1o; a lo que se suma la preocupaci\u00f3n sobre lo que ocurra con el real&#8221;, explic\u00f3 uno de los hombres fuertes de la UIA que consider\u00f3, tras escuchar a sus pares del Comit\u00e9, que con este d\u00f3lar no extra\u00f1a lo que pasa con las exportaciones. &#8220;S\u00f3lo crecen las vinculadas con los commodities, el resto no crece, por sexto a\u00f1o consecutivo las ventas externas no aumentan, menos las que tienen valor agregado, ni las de alimentos crecen. Algo pasa. Es imposible que las exportaciones crezcan con este tipo de cambio&#8221;, se lament\u00f3.<\/p>\n<p>&nbsp;<\/p>\n<p>Seg\u00fan las \u00faltimas proyecciones de la entidad, este a\u00f1o estiman un crecimiento de la industria del 1,5% al 2%, pero siempre dependiendo de c\u00f3mo le vaya a Brasil. Detr\u00e1s de este pron\u00f3stico, esperan que la econom\u00eda brasile\u00f1a no caiga y crezca algo as\u00ed como un 1% (en 2016 cay\u00f3 3,6%). &#8220;Un a\u00f1o atr\u00e1s proyect\u00e1bamos una ca\u00edda de la industria local del 3,5% en 2016, que luego fue del 4,9% por culpa de Brasil. Por eso somos cautos y esperamos entre 1,5% y 2% en 2017&#8221;, explic\u00f3 el ejecutivo de la entidad.<\/p>\n<p>&nbsp;<\/p>\n<p>La c\u00fapula de la UIA no ocult\u00f3 su inquietud frente al contexto actual donde el c\u00f3ctel de altas tasas de inter\u00e9s, apreciaci\u00f3n cambiaria y m\u00e1s del 40% de capacidad ociosa (tras cuatro a\u00f1os de estancamiento) hace dif\u00edcil aventurar una fuerte recuperaci\u00f3n, no solo de la producci\u00f3n sino tambi\u00e9n del empleo. &#8220;Con semejante capacidad ociosa las industrias adelantan vacaciones y suspenden (es la v\u00e1lvula de escape de la olla a presi\u00f3n), para poder mantener las dotaciones. Ni hablar de nuevas inversiones, en este contexto&#8221;, advirtieron.<\/p>\n<p>&nbsp;<\/p>\n<p>En los pr\u00f3ximos d\u00edas invitar\u00e1n a los m\u00e1ximos funcionarios del Ministerio de la Producci\u00f3n para hablar, con n\u00fameros en la mesa, de la realidad sectorial. &#8220;Esperamos a Cabrera, Braun y Etchegoyen para repasar sector por sector, porque la diapositiva de la realidad es distinta. Al margen, ya est\u00e1n pactadas distintas reuniones con varios sectores&#8221;, adelant\u00f3 otro miembro del Comit\u00e9. Al respecto, en el encuentro se hizo una defensa de lo actuado, frente a las cr\u00edticas oficiales y sindicales, sobre el incumplimiento de lo pactado de no despedir personal. &#8220;Estos que reclaman lo pactado, no leyeron bien lo firmado. Se hablaba de despidos incausados. Pero los mismos que hoy critican las suspensiones fueron los que bramaban cuando meses atr\u00e1s fustigaron la idea de una ley antidespidos. Por ejemplo, la metalurgia cay\u00f3 8,5% el a\u00f1o pasado y los despidos fueron 2%, lo que mostr\u00f3 el nivel del esfuerzo del sector para defender el empleo, es un milagro&#8221;, dijo otro part\u00edcipe de la reuni\u00f3n de ayer qui\u00e9n recalc\u00f3 que no se pod\u00eda mezclar, en el an\u00e1lisis, situaciones como la de Sancor.<\/p>\n<p>&nbsp;<\/p>\n<p>Por \u00faltimo, las tasas de inter\u00e9s no faltaron a la cita. \u00a1Las pyme est\u00e1n afrontando tasas activas promedio del 34% anual, en d\u00f3lares!, exclam\u00f3 un industrial para resumir el panorama financiero.<\/p>\n","protected":false},"excerpt":{"rendered":"<p>Los economistas de la central fabril proyectan un crecimiento de la producci\u00f3n de entre 1,5% y 2% para este a\u00f1o. \u00a0En la primera reuni\u00f3n del a\u00f1o el Comit\u00e9 Ejecutivo de la entidad fabril eval\u00fao una realidad muy distinta de la que presenta el Gobierno para 2017 &nbsp; &nbsp; &nbsp; &nbsp; &nbsp; Como en todo arranque de &#8220;a\u00f1o operativo&#8221; ayer en la primera reuni\u00f3n del Comit\u00e9 Ejecutivo de la UIA el orden del d\u00eda hac\u00eda un repaso de los distintos eventos acontecidos a lo largo de enero y febrero. Pero r\u00e1pidamente&#8230;<\/p>\n","protected":false},"author":3,"featured_media":8193,"comment_status":"closed","ping_status":"closed","sticky":false,"template":"","format":"standard","meta":[],"categories":[18],"tags":[],"_links":{"self":[{"href":"https:\/\/www.actualidadadiario.com\/index.php\/wp-json\/wp\/v2\/posts\/8192"}],"collection":[{"href":"https:\/\/www.actualidadadiario.com\/index.php\/wp-json\/wp\/v2\/posts"}],"about":[{"href":"https:\/\/www.actualidadadiario.com\/index.php\/wp-json\/wp\/v2\/types\/post"}],"author":[{"embeddable":true,"href":"https:\/\/www.actualidadadiario.com\/index.php\/wp-json\/wp\/v2\/users\/3"}],"replies":[{"embeddable":true,"href":"https:\/\/www.actualidadadiario.com\/index.php\/wp-json\/wp\/v2\/comments?post=8192"}],"version-history":[{"count":1,"href":"https:\/\/www.actualidadadiario.com\/index.php\/wp-json\/wp\/v2\/posts\/8192\/revisions"}],"predecessor-version":[{"id":8194,"href":"https:\/\/www.actualidadadiario.com\/index.php\/wp-json\/wp\/v2\/posts\/8192\/revisions\/8194"}],"wp:featuredmedia":[{"embeddable":true,"href":"https:\/\/www.actualidadadiario.com\/index.php\/wp-json\/wp\/v2\/media\/8193"}],"wp:attachment":[{"href":"https:\/\/www.actualidadadiario.com\/index.php\/wp-json\/wp\/v2\/media?parent=8192"}],"wp:term":[{"taxonomy":"category","embeddable":true,"href":"https:\/\/www.actualidadadiario.com\/index.php\/wp-json\/wp\/v2\/categories?post=8192"},{"taxonomy":"post_tag","embeddable":true,"href":"https:\/\/www.actualidadadiario.com\/index.php\/wp-json\/wp\/v2\/tags?post=8192"}],"curies":[{"name":"wp","href":"https:\/\/api.w.org\/{rel}","templated":true}]}}