{"id":8189,"date":"2017-03-09T10:06:18","date_gmt":"2017-03-09T13:06:18","guid":{"rendered":"http:\/\/actualidadadiario.com\/site\/?p=8189"},"modified":"2017-03-09T10:06:18","modified_gmt":"2017-03-09T13:06:18","slug":"carrio-se-metio-en-la-puja-por-afa-y-dejo-en-offside-a-macri","status":"publish","type":"post","link":"https:\/\/www.actualidadadiario.com\/index.php\/2017\/03\/09\/carrio-se-metio-en-la-puja-por-afa-y-dejo-en-offside-a-macri\/","title":{"rendered":"Carri\u00f3 se meti\u00f3 en la puja por AFA y dej\u00f3 en offside a Macri"},"content":{"rendered":"<p><em><strong>La diputada nacional sali\u00f3 a explotar a trav\u00e9s de Twitter contra uno de los candidatos al sill\u00f3n de Viamonte<\/strong><\/em><\/p>\n<p>&nbsp;<\/p>\n<p>&nbsp;<\/p>\n<p>&nbsp;<\/p>\n<p>&nbsp;<\/p>\n<p>La diputada nacional Elisa Carri\u00f3 se meti\u00f3 de lleno en la crisis institucional y pol\u00edtica que actualmente se vive en la Asociaci\u00f3n del F\u00fatbol Argentino (AFA), y dispar\u00f3 duramente contra la lista que present\u00f3 Claudio Tapia con Daniel Angelici.<\/p>\n<p>&nbsp;<\/p>\n<p>A trav\u00e9s de su cuenta de Twitter, Carri\u00f3 comparti\u00f3 una foto de Tapia, Daniel Angelici y Hugo Moyano, la lista que apoya el oficialismo, y se despach\u00f3 con un duro mensaje: &#8220;\u00bfEsta mafia es la renovaci\u00f3n de AFA? Peor que Grondona \u00bfc\u00f3mo pasan un tribunal de \u00e9tica?&#8221;.<\/p>\n<p>&nbsp;<\/p>\n<p>No es la primera vez que Carri\u00f3 apunta contra Moyano, Angelici y Tapia, pero al estar en carrera en la AFA, se meti\u00f3 de lleno en la pelea por el sill\u00f3n de la AFA. \u00bfApoyar\u00e1 la lista de Marcelo Tinelli y Rodolfo D\u00b4Onofrio?<\/p>\n","protected":false},"excerpt":{"rendered":"<p>La diputada nacional sali\u00f3 a explotar a trav\u00e9s de Twitter contra uno de los candidatos al sill\u00f3n de Viamonte &nbsp; &nbsp; &nbsp; &nbsp; La diputada nacional Elisa Carri\u00f3 se meti\u00f3 de lleno en la crisis institucional y pol\u00edtica que actualmente se vive en la Asociaci\u00f3n del F\u00fatbol Argentino (AFA), y dispar\u00f3 duramente contra la lista que present\u00f3 Claudio Tapia con Daniel Angelici. &nbsp; A trav\u00e9s de su cuenta de Twitter, Carri\u00f3 comparti\u00f3 una foto de Tapia, Daniel Angelici y Hugo Moyano, la lista que apoya el oficialismo, y se despach\u00f3&#8230;<\/p>\n","protected":false},"author":3,"featured_media":8190,"comment_status":"closed","ping_status":"closed","sticky":false,"template":"","format":"standard","meta":[],"categories":[18],"tags":[],"_links":{"self":[{"href":"https:\/\/www.actualidadadiario.com\/index.php\/wp-json\/wp\/v2\/posts\/8189"}],"collection":[{"href":"https:\/\/www.actualidadadiario.com\/index.php\/wp-json\/wp\/v2\/posts"}],"about":[{"href":"https:\/\/www.actualidadadiario.com\/index.php\/wp-json\/wp\/v2\/types\/post"}],"author":[{"embeddable":true,"href":"https:\/\/www.actualidadadiario.com\/index.php\/wp-json\/wp\/v2\/users\/3"}],"replies":[{"embeddable":true,"href":"https:\/\/www.actualidadadiario.com\/index.php\/wp-json\/wp\/v2\/comments?post=8189"}],"version-history":[{"count":1,"href":"https:\/\/www.actualidadadiario.com\/index.php\/wp-json\/wp\/v2\/posts\/8189\/revisions"}],"predecessor-version":[{"id":8191,"href":"https:\/\/www.actualidadadiario.com\/index.php\/wp-json\/wp\/v2\/posts\/8189\/revisions\/8191"}],"wp:featuredmedia":[{"embeddable":true,"href":"https:\/\/www.actualidadadiario.com\/index.php\/wp-json\/wp\/v2\/media\/8190"}],"wp:attachment":[{"href":"https:\/\/www.actualidadadiario.com\/index.php\/wp-json\/wp\/v2\/media?parent=8189"}],"wp:term":[{"taxonomy":"category","embeddable":true,"href":"https:\/\/www.actualidadadiario.com\/index.php\/wp-json\/wp\/v2\/categories?post=8189"},{"taxonomy":"post_tag","embeddable":true,"href":"https:\/\/www.actualidadadiario.com\/index.php\/wp-json\/wp\/v2\/tags?post=8189"}],"curies":[{"name":"wp","href":"https:\/\/api.w.org\/{rel}","templated":true}]}}