{"id":8183,"date":"2017-03-09T10:04:44","date_gmt":"2017-03-09T13:04:44","guid":{"rendered":"http:\/\/actualidadadiario.com\/site\/?p=8183"},"modified":"2017-03-09T10:04:44","modified_gmt":"2017-03-09T13:04:44","slug":"schimd-le-pone-fecha-al-paro-y-crece-la-interna-en-la-cgt-por-alinearse-al-gobierno","status":"publish","type":"post","link":"https:\/\/www.actualidadadiario.com\/index.php\/2017\/03\/09\/schimd-le-pone-fecha-al-paro-y-crece-la-interna-en-la-cgt-por-alinearse-al-gobierno\/","title":{"rendered":"Schimd le pone fecha al paro y crece la interna en la CGT por alinearse al Gobierno"},"content":{"rendered":"<p><em><strong>El triunvirato convoc\u00f3 a los gremios para el jueves pr\u00f3ximo con el fin de debatir la fecha; se profundizaron las grietas internas<\/strong><\/em><\/p>\n<p>&nbsp;<\/p>\n<p>&nbsp;<\/p>\n<p>&nbsp;<\/p>\n<p>&nbsp;<\/p>\n<p>&nbsp;<\/p>\n<p>El triunviro de la CGT Juan Carlos Schmid asegur\u00f3 este mi\u00e9rcoles por la noche que &#8220;la semana que viene&#8221; la central sindical fijar\u00e1 &#8220;una fecha&#8221; para realizar un paro nacional, que &#8220;seguramente ser\u00e1 los primeros d\u00edas de abril&#8221;.<\/p>\n<p>&nbsp;<\/p>\n<p>&#8220;La fecha del paro (la principal demanda de los asistentes al accidentado acto de ayer), de alguna manera con nuestras declaraciones, la hab\u00edamos fijado de un tramo que va desde el 30 de marzo al 2 de abril. La semana que viene fijaremos una fecha de paro. Seguramente ser\u00e1 los primeros d\u00edas de abril&#8221;, enfatiz\u00f3 Schmid.<\/p>\n<p>&nbsp;<\/p>\n<p>Consultado sobre cu\u00e1les son las medidas necesarias que debe tomar el Gobierno para evitar la medida de fuerza, respondi\u00f3: &#8220;Hay que retrotraer todo a enero, y que todos los despidos y suspensiones que se dieron en estos tres meses vuelvan al trabajo&#8221;.<\/p>\n<p>&nbsp;<\/p>\n<p>&#8220;Tampoco se trata de una guerra, el gobierno tiene cuatro a\u00f1os (de mandato). Hay que alejarse de la coyuntura y ver los problemas que tenemos en el aqu\u00ed y ahora. El Gobierno lleva un 30 por ciento de su mandato ejerciendo el poder&#8221;, enfatiz\u00f3, en declaraciones al canal Todo Noticias (TN).<\/p>\n<p>&nbsp;<\/p>\n<p>Al referirse a los disturbios que se produjeron durante la desconcentraci\u00f3n de la movilizaci\u00f3n, manifest\u00f3: &#8220;Hab\u00eda trabajadores muy enojados, muy descontentos. Hab\u00eda agrupaciones pol\u00edticas de distintas tonalidades, no quiero caer en el folklore de &#8216;fue aquel&#8217; o &#8216;aquel'&#8221;.<\/p>\n<p>&nbsp;<\/p>\n<p>&#8220;Una enorme multitud acudi\u00f3 al llamado de la CGT. Nosotros no hemos sido elegidos por la voluntad popular como el gobierno, pero tenemos la obligaci\u00f3n de representar a los trabajadores&#8221;, sentenci\u00f3.<\/p>\n<p>&nbsp;<\/p>\n<p>Y cuestion\u00f3: &#8220;El Gobierno tiene un enfoque errado. Se nos est\u00e1 demandando que resolvamos el problema del (Poder) Ejecutivo, y nosotros no estamos para eso. Estamos para reclamar y poner las cosas sobre la mesa&#8221;.<\/p>\n<p>&nbsp;<\/p>\n<p>&nbsp;<\/p>\n<p>&nbsp;<\/p>\n<p><strong>Grietas en la CGT<\/strong><\/p>\n<p>Tras la presi\u00f3n durante el acto de los trabajadores para que el triunvirato &#8220;ponga fecha&#8221; al paro, se aceleraron las diferencias entre los miembros del consejo directivo. &#8220;La CGT corre riesgo de fracturarse si es que no definimos la fecha del paro&#8221;, reconoci\u00f3 ayer un jer\u00e1rquico de la central obrera al diario La Naci\u00f3n.<\/p>\n<p>&nbsp;<\/p>\n<p>Schmid intent\u00f3 ser m\u00e1s mesurado, pero admiti\u00f3 que el margen de maniobra se achic\u00f3. &#8220;Despu\u00e9s de lo que pas\u00f3 es m\u00e1s fuerte la decisi\u00f3n de ir al paro. Si no unificamos una postura, podr\u00eda derivar en una discusi\u00f3n interna&#8221;, dijo Schmid.<\/p>\n","protected":false},"excerpt":{"rendered":"<p>El triunvirato convoc\u00f3 a los gremios para el jueves pr\u00f3ximo con el fin de debatir la fecha; se profundizaron las grietas internas &nbsp; &nbsp; &nbsp; &nbsp; &nbsp; El triunviro de la CGT Juan Carlos Schmid asegur\u00f3 este mi\u00e9rcoles por la noche que &#8220;la semana que viene&#8221; la central sindical fijar\u00e1 &#8220;una fecha&#8221; para realizar un paro nacional, que &#8220;seguramente ser\u00e1 los primeros d\u00edas de abril&#8221;. &nbsp; &#8220;La fecha del paro (la principal demanda de los asistentes al accidentado acto de ayer), de alguna manera con nuestras declaraciones, la hab\u00edamos fijado&#8230;<\/p>\n","protected":false},"author":3,"featured_media":8184,"comment_status":"closed","ping_status":"closed","sticky":false,"template":"","format":"standard","meta":[],"categories":[18],"tags":[],"_links":{"self":[{"href":"https:\/\/www.actualidadadiario.com\/index.php\/wp-json\/wp\/v2\/posts\/8183"}],"collection":[{"href":"https:\/\/www.actualidadadiario.com\/index.php\/wp-json\/wp\/v2\/posts"}],"about":[{"href":"https:\/\/www.actualidadadiario.com\/index.php\/wp-json\/wp\/v2\/types\/post"}],"author":[{"embeddable":true,"href":"https:\/\/www.actualidadadiario.com\/index.php\/wp-json\/wp\/v2\/users\/3"}],"replies":[{"embeddable":true,"href":"https:\/\/www.actualidadadiario.com\/index.php\/wp-json\/wp\/v2\/comments?post=8183"}],"version-history":[{"count":1,"href":"https:\/\/www.actualidadadiario.com\/index.php\/wp-json\/wp\/v2\/posts\/8183\/revisions"}],"predecessor-version":[{"id":8185,"href":"https:\/\/www.actualidadadiario.com\/index.php\/wp-json\/wp\/v2\/posts\/8183\/revisions\/8185"}],"wp:featuredmedia":[{"embeddable":true,"href":"https:\/\/www.actualidadadiario.com\/index.php\/wp-json\/wp\/v2\/media\/8184"}],"wp:attachment":[{"href":"https:\/\/www.actualidadadiario.com\/index.php\/wp-json\/wp\/v2\/media?parent=8183"}],"wp:term":[{"taxonomy":"category","embeddable":true,"href":"https:\/\/www.actualidadadiario.com\/index.php\/wp-json\/wp\/v2\/categories?post=8183"},{"taxonomy":"post_tag","embeddable":true,"href":"https:\/\/www.actualidadadiario.com\/index.php\/wp-json\/wp\/v2\/tags?post=8183"}],"curies":[{"name":"wp","href":"https:\/\/api.w.org\/{rel}","templated":true}]}}