{"id":8177,"date":"2017-03-09T10:02:45","date_gmt":"2017-03-09T13:02:45","guid":{"rendered":"http:\/\/actualidadadiario.com\/site\/?p=8177"},"modified":"2017-03-09T10:02:45","modified_gmt":"2017-03-09T13:02:45","slug":"un-ministro-reconocio-el-fracaso-de-precios-transparentes","status":"publish","type":"post","link":"https:\/\/www.actualidadadiario.com\/index.php\/2017\/03\/09\/un-ministro-reconocio-el-fracaso-de-precios-transparentes\/","title":{"rendered":"Un ministro reconoci\u00f3 el fracaso de Precios Transparentes"},"content":{"rendered":"<p><em><strong>&#8220;Es como un tema psicol\u00f3gico, como que se rompi\u00f3 la magia&#8221;, dijo el titular de Producci\u00f3n, Francisco Cabrera, responsable del programa fallido<\/strong><\/em><\/p>\n<p>&nbsp;<\/p>\n<p>&nbsp;<\/p>\n<p>&nbsp;<\/p>\n<p>El Gobierno reconoci\u00f3 que fracas\u00f3 Precios Transparentes, que elimin\u00f3 las cuotas sin inter\u00e9s. El ministro de Producci\u00f3n, Francisco Cabrera lo vincul\u00f3 a cuestiones &#8220;psicol\u00f3gicas&#8221; y a que &#8220;se rompi\u00f3 la magia&#8221;.<\/p>\n<p>&nbsp;<\/p>\n<p>&#8220;Esper\u00e1bamos que los precios de contado bajaran m\u00e1s de lo que bajaron&#8221;, reconoci\u00f3 el responsable del fallido programa. La Confederaci\u00f3n de la Mediana Empresa (CAME) mostr\u00f3 que las ventas minoristas disminuyeron 4,1% por culpa de Precios Transparentes.<\/p>\n<p>&nbsp;<\/p>\n<p>&#8220;Es como un tema psicol\u00f3gico, como que se rompi\u00f3 la magia: todo el mundo sab\u00eda que le estaban cobrando inter\u00e9s en las cuotas pero se quer\u00edan autoenga\u00f1ar, quer\u00edan pensar que no le estaban cobrando&#8221;, consider\u00f3 Cabrera en radio Mitre. Reconoci\u00f3 que en la primera semana de vigencia del programa, &#8220;hubo ca\u00edda del consumo&#8221;, mientras que la segunda tambi\u00e9n &#8220;hubo ca\u00edda de las ventas financiadas&#8221;.<\/p>\n<p>&nbsp;<\/p>\n<p>El ministro culpable del programa cre\u00f3 Precios Transparentes porque los comerciantes dec\u00edan que &#8220;las cuotas sin inter\u00e9s no eran sin inter\u00e9s, sino que ten\u00edan un inter\u00e9s caro&#8221;. &#8220;Para poder decir que se vend\u00edan en 12 cuotas sin inter\u00e9s el precio de contado ten\u00eda que ser m\u00e1s alto que el real. Las tarjetas de cr\u00e9dito, en particular una tarjeta de cr\u00e9dito que tiene el 80% del mercado (Visa), le exig\u00eda a los comercios que no pudieran mostrar otro precio de contado m\u00e1s que ese&#8221;, se\u00f1al\u00f3.<\/p>\n","protected":false},"excerpt":{"rendered":"<p>&#8220;Es como un tema psicol\u00f3gico, como que se rompi\u00f3 la magia&#8221;, dijo el titular de Producci\u00f3n, Francisco Cabrera, responsable del programa fallido &nbsp; &nbsp; &nbsp; El Gobierno reconoci\u00f3 que fracas\u00f3 Precios Transparentes, que elimin\u00f3 las cuotas sin inter\u00e9s. El ministro de Producci\u00f3n, Francisco Cabrera lo vincul\u00f3 a cuestiones &#8220;psicol\u00f3gicas&#8221; y a que &#8220;se rompi\u00f3 la magia&#8221;. &nbsp; &#8220;Esper\u00e1bamos que los precios de contado bajaran m\u00e1s de lo que bajaron&#8221;, reconoci\u00f3 el responsable del fallido programa. La Confederaci\u00f3n de la Mediana Empresa (CAME) mostr\u00f3 que las ventas minoristas disminuyeron 4,1% por&#8230;<\/p>\n","protected":false},"author":3,"featured_media":8178,"comment_status":"closed","ping_status":"closed","sticky":false,"template":"","format":"standard","meta":[],"categories":[2],"tags":[],"_links":{"self":[{"href":"https:\/\/www.actualidadadiario.com\/index.php\/wp-json\/wp\/v2\/posts\/8177"}],"collection":[{"href":"https:\/\/www.actualidadadiario.com\/index.php\/wp-json\/wp\/v2\/posts"}],"about":[{"href":"https:\/\/www.actualidadadiario.com\/index.php\/wp-json\/wp\/v2\/types\/post"}],"author":[{"embeddable":true,"href":"https:\/\/www.actualidadadiario.com\/index.php\/wp-json\/wp\/v2\/users\/3"}],"replies":[{"embeddable":true,"href":"https:\/\/www.actualidadadiario.com\/index.php\/wp-json\/wp\/v2\/comments?post=8177"}],"version-history":[{"count":1,"href":"https:\/\/www.actualidadadiario.com\/index.php\/wp-json\/wp\/v2\/posts\/8177\/revisions"}],"predecessor-version":[{"id":8179,"href":"https:\/\/www.actualidadadiario.com\/index.php\/wp-json\/wp\/v2\/posts\/8177\/revisions\/8179"}],"wp:featuredmedia":[{"embeddable":true,"href":"https:\/\/www.actualidadadiario.com\/index.php\/wp-json\/wp\/v2\/media\/8178"}],"wp:attachment":[{"href":"https:\/\/www.actualidadadiario.com\/index.php\/wp-json\/wp\/v2\/media?parent=8177"}],"wp:term":[{"taxonomy":"category","embeddable":true,"href":"https:\/\/www.actualidadadiario.com\/index.php\/wp-json\/wp\/v2\/categories?post=8177"},{"taxonomy":"post_tag","embeddable":true,"href":"https:\/\/www.actualidadadiario.com\/index.php\/wp-json\/wp\/v2\/tags?post=8177"}],"curies":[{"name":"wp","href":"https:\/\/api.w.org\/{rel}","templated":true}]}}