{"id":8174,"date":"2017-03-09T10:01:55","date_gmt":"2017-03-09T13:01:55","guid":{"rendered":"http:\/\/actualidadadiario.com\/site\/?p=8174"},"modified":"2017-03-09T10:01:55","modified_gmt":"2017-03-09T13:01:55","slug":"el-gobierno-confirmo-que-el-aumento-del-gas-sera-en-tres-etapas","status":"publish","type":"post","link":"https:\/\/www.actualidadadiario.com\/index.php\/2017\/03\/09\/el-gobierno-confirmo-que-el-aumento-del-gas-sera-en-tres-etapas\/","title":{"rendered":"El Gobierno confirm\u00f3 que el aumento del gas ser\u00e1 en tres etapas"},"content":{"rendered":"<p><em><strong>Finalmente el aumento en las tarifas de gas por el ajuste en los m\u00e1rgenes de transportistas y distribuidoras se desdoblar\u00e1 en tres etapas, seg\u00fan confirm\u00f3 el Gobierno<\/strong><\/em><\/p>\n<p>&nbsp;<\/p>\n<p>&nbsp;<\/p>\n<p>&nbsp;<\/p>\n<p>&nbsp;<\/p>\n<p>El Gobierno confirm\u00f3 ayer que el aumento en las tarifas de gas por el ajuste en los m\u00e1rgenes de transportistas y distribuidoras se desdoblar\u00e1 en tres etapas, como pas\u00f3 con la suba en la electricidad que corresponde a las distribuidoras. Este desdoblamiento tendr\u00e1 su impacto en el segundo semestre cuando se esperaba que se desacelerara la inflaci\u00f3n pero amenguar\u00e1 el impacto del aumento.<\/p>\n<p>&nbsp;<\/p>\n<p>Seg\u00fan confirm\u00f3 el ministro de Energ\u00eda, Juan Jos\u00e9 Aranguren, habr\u00e1 aumentos en las tarifas de gas en abril y octubre de este a\u00f1o y en abril de 2018 para cubrir los ingresos que plantearon transportistas y distribuidoras. Adem\u00e1s este viernes se realizar\u00e1 una nueva audiencia p\u00fablica para tratar el aumento del gas, esta vez en el \u00edtem que va\u00a0 las petroleras.<\/p>\n<p>&nbsp;<\/p>\n<p>Una de las dificultades de las audiencias es que se tratan en distintas fechas los aumentos de cada componente de las facturas, con lo cual no se pone en debate el aumento total que despu\u00e9s va a terminar aplic\u00e1ndose.<\/p>\n<p>&nbsp;<\/p>\n<p>Seg\u00fan la Resoluci\u00f3n 212 que dict\u00f3 el Ministerio de Energ\u00eda despu\u00e9s de la audiencia realizada en septiembre, el precio promedio ponderado del gas desde octubre del a\u00f1o pasado es de u$s3, 42 por mill\u00f3n de btu, y a partir de abril ascender\u00e1 a u$s3, 77, con un alza del 10%, que llegar\u00e1 al 20% para los usuarios residenciales que usan menos de 1.000 metros c\u00fabicos anuales.<\/p>\n<p>&nbsp;<\/p>\n<p>La misma norma estableci\u00f3 un cronograma de subas escalonadas para abril y octubre de cada a\u00f1o siempre en relaci\u00f3n con el gas en boca de pozo, cuyo valor a octubre de 2019 deber\u00e1 llegar a u$s6,80 como promedio ponderado.<\/p>\n","protected":false},"excerpt":{"rendered":"<p>Finalmente el aumento en las tarifas de gas por el ajuste en los m\u00e1rgenes de transportistas y distribuidoras se desdoblar\u00e1 en tres etapas, seg\u00fan confirm\u00f3 el Gobierno &nbsp; &nbsp; &nbsp; &nbsp; El Gobierno confirm\u00f3 ayer que el aumento en las tarifas de gas por el ajuste en los m\u00e1rgenes de transportistas y distribuidoras se desdoblar\u00e1 en tres etapas, como pas\u00f3 con la suba en la electricidad que corresponde a las distribuidoras. Este desdoblamiento tendr\u00e1 su impacto en el segundo semestre cuando se esperaba que se desacelerara la inflaci\u00f3n pero amenguar\u00e1&#8230;<\/p>\n","protected":false},"author":3,"featured_media":8175,"comment_status":"closed","ping_status":"closed","sticky":false,"template":"","format":"standard","meta":[],"categories":[9,2],"tags":[],"_links":{"self":[{"href":"https:\/\/www.actualidadadiario.com\/index.php\/wp-json\/wp\/v2\/posts\/8174"}],"collection":[{"href":"https:\/\/www.actualidadadiario.com\/index.php\/wp-json\/wp\/v2\/posts"}],"about":[{"href":"https:\/\/www.actualidadadiario.com\/index.php\/wp-json\/wp\/v2\/types\/post"}],"author":[{"embeddable":true,"href":"https:\/\/www.actualidadadiario.com\/index.php\/wp-json\/wp\/v2\/users\/3"}],"replies":[{"embeddable":true,"href":"https:\/\/www.actualidadadiario.com\/index.php\/wp-json\/wp\/v2\/comments?post=8174"}],"version-history":[{"count":1,"href":"https:\/\/www.actualidadadiario.com\/index.php\/wp-json\/wp\/v2\/posts\/8174\/revisions"}],"predecessor-version":[{"id":8176,"href":"https:\/\/www.actualidadadiario.com\/index.php\/wp-json\/wp\/v2\/posts\/8174\/revisions\/8176"}],"wp:featuredmedia":[{"embeddable":true,"href":"https:\/\/www.actualidadadiario.com\/index.php\/wp-json\/wp\/v2\/media\/8175"}],"wp:attachment":[{"href":"https:\/\/www.actualidadadiario.com\/index.php\/wp-json\/wp\/v2\/media?parent=8174"}],"wp:term":[{"taxonomy":"category","embeddable":true,"href":"https:\/\/www.actualidadadiario.com\/index.php\/wp-json\/wp\/v2\/categories?post=8174"},{"taxonomy":"post_tag","embeddable":true,"href":"https:\/\/www.actualidadadiario.com\/index.php\/wp-json\/wp\/v2\/tags?post=8174"}],"curies":[{"name":"wp","href":"https:\/\/api.w.org\/{rel}","templated":true}]}}