{"id":8171,"date":"2017-03-09T10:01:10","date_gmt":"2017-03-09T13:01:10","guid":{"rendered":"http:\/\/actualidadadiario.com\/site\/?p=8171"},"modified":"2017-03-09T10:03:05","modified_gmt":"2017-03-09T13:03:05","slug":"por-primera-vez-en-cinco-anos-en-2017-el-pais-crecera-entre-3-y-4","status":"publish","type":"post","link":"https:\/\/www.actualidadadiario.com\/index.php\/2017\/03\/09\/por-primera-vez-en-cinco-anos-en-2017-el-pais-crecera-entre-3-y-4\/","title":{"rendered":"&#8220;Por primera vez en cinco a\u00f1os, en 2017 el pa\u00eds crecer\u00e1 entre 3 y 4%&#8221;"},"content":{"rendered":"<p><em><strong>El ministro de Finanzas, Luis Caputo, pronostic\u00f3 este mi\u00e9rcoles que la Argentina crecer\u00e1 &#8220;entre el 3% y el 4%&#8221; en 2017 y afirm\u00f3 que el &#8220;primer objetivo&#8221; de su cartera es &#8220;desarrollar las condiciones financieras para impulsar el crecimiento&#8221;<\/strong><\/em><\/p>\n<p>&nbsp;<\/p>\n<p>&nbsp;<\/p>\n<p>&nbsp;<\/p>\n<p>&nbsp;<\/p>\n<p>&nbsp;<\/p>\n<p>El ministro fue el primer orador del Congreso Econ\u00f3mico Argentino que junto con la Exposici\u00f3n de Econom\u00eda, Finanzas e Inversiones (Expo EFI) se desarrolla hasta el jueves en el hotel Hilton del barrio porte\u00f1o de Puerto Madero.<\/p>\n<p>&nbsp;<\/p>\n<p>&#8220;Por primera vez en cinco a\u00f1os&#8221; la econom\u00eda crecer\u00e1 en 2017 &#8220;entre 3% y 4%&#8221; dijo Caputo y sostuvo que ese avance se dar\u00e1 en un contexto de &#8220;inflaci\u00f3n alta, pero a la baja&#8221;, con un rol del Banco Central &#8220;responsable, independiente y con metas de inflaci\u00f3n&#8221;.<\/p>\n<p>&nbsp;<\/p>\n<p>Caputo sostuvo que &#8220;el primer objetivo&#8221; de su cartera el lograr &#8220;el desarrollo de las condiciones financieras para impulsar el crecimiento y el cr\u00e9dito&#8221;.<\/p>\n<p>&nbsp;<\/p>\n<p>&#8220;Queremos desarrollar el mercado de capitales, fomentar el ahorro interno y darle a las pymes una fuerte alternativa de financiamiento&#8221;, asegur\u00f3.<\/p>\n<p>&nbsp;<\/p>\n<p>El titular de la cartera de Finanzas inici\u00f3 su disertaci\u00f3n con una evocaci\u00f3n de lo que hace un a\u00f1o estaba en el aeropuerto de Nueva York, junto al secretario de Coordinaci\u00f3n Interministerial, Mario Quintana, en plena negociaci\u00f3n con los holdouts.<\/p>\n<p>&nbsp;<\/p>\n<p>El funcionario record\u00f3 tambi\u00e9n que la negociaci\u00f3n con los tenedores de bonos en default pas\u00f3 por una serie de &#8220;pormenores&#8221; que se prolongaron por tres meses que &#8220;nadie creer\u00eda&#8221; y mencion\u00f3 un llamado telef\u00f3nico del mediador Daniel Pollack y una \u00faltima reuni\u00f3n en la casa del titular del NMCapital, Paul Singer.<\/p>\n<p>&nbsp;<\/p>\n<p>&#8220;Ya pas\u00f3 un a\u00f1o de todo eso y es buen momento para hacer un balance de las medidas adoptadas en el 2016 y ponerlas en perspectiva&#8221;, reflexion\u00f3.<\/p>\n<p>&nbsp;<\/p>\n<p>&#8220;Se pensaba que la quita en la renegociaci\u00f3n iba ser del 15% y finalmente se resolvi\u00f3 que fuera del 40%&#8221; record\u00f3 y sostuvo que &#8220;contra todos los pron\u00f3sticos, pagamos en efectivo&#8221;. &#8220;Pollack se qued\u00f3 at\u00f3nito&#8221; y los representantes de los holdouts quedaron con &#8220;la mand\u00edbula contra el piso&#8221; porque esperaban que se les diera bonos a largo plazo, en vez de efectivo.<\/p>\n<p>&nbsp;<\/p>\n<p>&#8220;Al pagar en efectivo ahorramos u$s 8.000 millones y no emitimos bonos&#8221;, record\u00f3 Caputo y dijo que gracias a esa negociaci\u00f3n &#8220;hoy nos financiamos a las tasas nominales m\u00e1s bajas de nuestra historia&#8221; con bonos a 10 a\u00f1os en pesos que rinden 13%.<\/p>\n<p>&nbsp;<\/p>\n<p>&#8220;\u00bfC\u00f3mo hubiera sido?&#8221;, se pregunt\u00f3 si el Gobierno no lograba terminar con el tema de los holdouts, y dijo que si ese conflicto no se superaba &#8220;era imposible reconocer la Reparaci\u00f3n Hist\u00f3rica con los jubilados o la deuda con las provincias&#8221;.<\/p>\n<p>&nbsp;<\/p>\n<p>&#8220;Si no hubi\u00e9ramos eliminado el cepo y las retenciones no tendr\u00edamos una cosecha r\u00e9cord de trigo&#8221;, afirm\u00f3. Asegur\u00f3 que &#8220;vamos a crecer en el 2017 entre 3% y 4%&#8221;, y eso se dar\u00e1 &#8220;por primera vez en cinco a\u00f1os&#8221;.<\/p>\n<p>&nbsp;<\/p>\n<p>Dijo que ese desempe\u00f1o se dar\u00e1 &#8220;con inflaci\u00f3n alta pero a la baja&#8221; con un &#8220;Banco Central responsable, independiente y comprometido con metas de inflaci\u00f3n&#8221;.<\/p>\n<p>&nbsp;<\/p>\n<p>&#8220;Destac\u00f3 que tenemos un Indec cre\u00edble, que nos hace tomar conciencia de d\u00f3nde estamos&#8221; y afirm\u00f3 que &#8220;estamos en el camino correcto y nuestro primer objetivo es desarrollar las condiciones financieras para impulsar el crecimiento y el cr\u00e9dito, con las tasas nominales m\u00e1s bajas de la historia&#8221;, reiter\u00f3.<\/p>\n<p>&nbsp;<\/p>\n<p>Manifest\u00f3 su deseo que el financiamiento no sea &#8220;selectivo&#8221; y afirm\u00f3 que es su intenci\u00f3n es que &#8220;las pymes tengan acceso al cr\u00e9dito a tasa razonable&#8221;.<\/p>\n","protected":false},"excerpt":{"rendered":"<p>El ministro de Finanzas, Luis Caputo, pronostic\u00f3 este mi\u00e9rcoles que la Argentina crecer\u00e1 &#8220;entre el 3% y el 4%&#8221; en 2017 y afirm\u00f3 que el &#8220;primer objetivo&#8221; de su cartera es &#8220;desarrollar las condiciones financieras para impulsar el crecimiento&#8221; &nbsp; &nbsp; &nbsp; &nbsp; &nbsp; El ministro fue el primer orador del Congreso Econ\u00f3mico Argentino que junto con la Exposici\u00f3n de Econom\u00eda, Finanzas e Inversiones (Expo EFI) se desarrolla hasta el jueves en el hotel Hilton del barrio porte\u00f1o de Puerto Madero. &nbsp; &#8220;Por primera vez en cinco a\u00f1os&#8221; la econom\u00eda&#8230;<\/p>\n","protected":false},"author":3,"featured_media":8172,"comment_status":"closed","ping_status":"closed","sticky":false,"template":"","format":"standard","meta":[],"categories":[2],"tags":[],"_links":{"self":[{"href":"https:\/\/www.actualidadadiario.com\/index.php\/wp-json\/wp\/v2\/posts\/8171"}],"collection":[{"href":"https:\/\/www.actualidadadiario.com\/index.php\/wp-json\/wp\/v2\/posts"}],"about":[{"href":"https:\/\/www.actualidadadiario.com\/index.php\/wp-json\/wp\/v2\/types\/post"}],"author":[{"embeddable":true,"href":"https:\/\/www.actualidadadiario.com\/index.php\/wp-json\/wp\/v2\/users\/3"}],"replies":[{"embeddable":true,"href":"https:\/\/www.actualidadadiario.com\/index.php\/wp-json\/wp\/v2\/comments?post=8171"}],"version-history":[{"count":1,"href":"https:\/\/www.actualidadadiario.com\/index.php\/wp-json\/wp\/v2\/posts\/8171\/revisions"}],"predecessor-version":[{"id":8173,"href":"https:\/\/www.actualidadadiario.com\/index.php\/wp-json\/wp\/v2\/posts\/8171\/revisions\/8173"}],"wp:featuredmedia":[{"embeddable":true,"href":"https:\/\/www.actualidadadiario.com\/index.php\/wp-json\/wp\/v2\/media\/8172"}],"wp:attachment":[{"href":"https:\/\/www.actualidadadiario.com\/index.php\/wp-json\/wp\/v2\/media?parent=8171"}],"wp:term":[{"taxonomy":"category","embeddable":true,"href":"https:\/\/www.actualidadadiario.com\/index.php\/wp-json\/wp\/v2\/categories?post=8171"},{"taxonomy":"post_tag","embeddable":true,"href":"https:\/\/www.actualidadadiario.com\/index.php\/wp-json\/wp\/v2\/tags?post=8171"}],"curies":[{"name":"wp","href":"https:\/\/api.w.org\/{rel}","templated":true}]}}