{"id":8165,"date":"2017-03-09T09:58:57","date_gmt":"2017-03-09T12:58:57","guid":{"rendered":"http:\/\/actualidadadiario.com\/site\/?p=8165"},"modified":"2017-03-09T09:58:57","modified_gmt":"2017-03-09T12:58:57","slug":"gobierno-ate-y-upcn-se-volveran-a-reunir-el-lunes","status":"publish","type":"post","link":"https:\/\/www.actualidadadiario.com\/index.php\/2017\/03\/09\/gobierno-ate-y-upcn-se-volveran-a-reunir-el-lunes\/","title":{"rendered":"Gobierno, ATE y UPCN se volver\u00e1n a reunir el lunes"},"content":{"rendered":"<p><em><strong>Es un incremento del 18 % anual en tres tramos de 6 % para marzo, julio y octubre. Adem\u00e1s, el Gobierno provincial ratific\u00f3 que ning\u00fan incremento salarial estar\u00e1 por debajo del \u00edndice de inflaci\u00f3n. El lunes tendr\u00e1n una nueva reuni\u00f3n<\/strong><\/em><\/p>\n<p>&nbsp;<\/p>\n<p>&nbsp;<\/p>\n<p>&nbsp;<\/p>\n<p>&nbsp;<\/p>\n<p>El gobierno provincial y representantes de los gremios ATE y UPCN mantuvieron este mi\u00e9rcoles un nuevo encuentro en el marco de las paritarias. En el mismo, el gobierno mantuvo la oferta salarial que inicialmente hab\u00eda realizado, teniendo en cuenta el criterio de responsabilidad, cuidando las arcas p\u00fablicas.<\/p>\n<p>&nbsp;<\/p>\n<p>Las partes acordaron realizar un cuarto intermedio en el encuentro paritario, y volver\u00e1n a reunirse el pr\u00f3ximo lunes, a las 11, por lo cual, la paritaria no se encuentra cerrada.<\/p>\n<p>&nbsp;<\/p>\n<p>Al respecto, el secretario de Hacienda de la provincia, Gustavo Labriola, explic\u00f3 que &#8220;el gobierno de Entre R\u00edos mantiene la oferta que inicialmente hab\u00eda realizado en la paritaria, tanto en la paritaria docente como en la del escalaf\u00f3n general&#8221;.<\/p>\n<p>&nbsp;<\/p>\n<p>Esa propuesta, &#8220;comprende un incremento del 18 por ciento en el a\u00f1o, y se materializa en un seis por ciento en el mes de marzo, un seis por ciento en julio y un seis por ciento en octubre, monitoreando la evoluci\u00f3n de la variaci\u00f3n del \u00cdndice de Precio al Consumidor a nivel general, que en el caso de que supere el porcentaje del 18 por ciento, ser\u00e1 trasladado esa mayor variaci\u00f3n del \u00cdndice, a los sueldos de los empleados de la administraci\u00f3n p\u00fablica&#8221;, detall\u00f3.<\/p>\n<p>&nbsp;<\/p>\n<p>&#8220;Esto, en el marco de lo que ha sido claramente anunciado por el gobernador en el mensaje ante la Asamblea Legislativa, que es que ning\u00fan empleado de la provincia se va a ver perjudicado por la variaci\u00f3n del \u00cdndice de Precios al Consumidor en el a\u00f1o 2017&#8221;, puntualiz\u00f3.<\/p>\n<p>&nbsp;<\/p>\n<p>&#8220;Esta es nuestra propuesta definitiva en estos momentos, la vocaci\u00f3n de di\u00e1logo siempre est\u00e1, lo que sucede es que en el marco paritario la propuesta que se puede hacer en este momento es esta, manteniendo el mismo criterio de cuidado de las arcas p\u00fablicas considerando lo que materialmente puede ofrecer el gobierno de la provincia&#8221;, asegur\u00f3.<\/p>\n<p>&nbsp;<\/p>\n<p>Labriola explic\u00f3 tambi\u00e9n que este nuevo encuentro con ATE y UPCN, se realiz\u00f3 en el marco de la paritaria del escalaf\u00f3n general y record\u00f3 que &#8220;en el encuentro anterior, se hab\u00eda pasado a un cuarto intermedio, porque tanto ATE como UPCN hab\u00edan escuchado nuestra propuesta pero hab\u00edan incorporado, en el caso de ATE, un petitorio con una serie de puntos y consideraciones que se responden hoy pero que son complementarias a las condiciones de trabajo y no necesariamente tienen una implicancia salarial&#8221;.<\/p>\n<p>&nbsp;<\/p>\n<p>Ambos gremios, ATE y UPCN entregaron una contrapropuesta a los representantes del Gobierno, la cual ser\u00e1 analizada. Finalmente, las partes decidieron realizar un cuarto intermedio en el encuentro paritario, y volver\u00e1n a reunirse el pr\u00f3ximo lunes, a las 11. En dicho encuentro, se brindar\u00e1 una respuesta a lo dialogado en el segundo encuentro paritario.<\/p>\n<p>&nbsp;<\/p>\n<p>Encabez\u00f3 el encuentro el secretario de Trabajo provincial, Oscar Balla; en el que adem\u00e1s estuvieron presentes el secretario de Hacienda, Gustavo Labriola; el secretario de Gobierno, Germ\u00e1n Gran\u00e9; Carina Dom\u00ednguez y Fabi\u00e1n Monz\u00f3n de UPCN; y Oscar Muntes de ATE.<\/p>\n","protected":false},"excerpt":{"rendered":"<p>Es un incremento del 18 % anual en tres tramos de 6 % para marzo, julio y octubre. Adem\u00e1s, el Gobierno provincial ratific\u00f3 que ning\u00fan incremento salarial estar\u00e1 por debajo del \u00edndice de inflaci\u00f3n. El lunes tendr\u00e1n una nueva reuni\u00f3n &nbsp; &nbsp; &nbsp; &nbsp; El gobierno provincial y representantes de los gremios ATE y UPCN mantuvieron este mi\u00e9rcoles un nuevo encuentro en el marco de las paritarias. En el mismo, el gobierno mantuvo la oferta salarial que inicialmente hab\u00eda realizado, teniendo en cuenta el criterio de responsabilidad, cuidando las arcas&#8230;<\/p>\n","protected":false},"author":3,"featured_media":8166,"comment_status":"closed","ping_status":"closed","sticky":false,"template":"","format":"standard","meta":[],"categories":[9,15],"tags":[],"_links":{"self":[{"href":"https:\/\/www.actualidadadiario.com\/index.php\/wp-json\/wp\/v2\/posts\/8165"}],"collection":[{"href":"https:\/\/www.actualidadadiario.com\/index.php\/wp-json\/wp\/v2\/posts"}],"about":[{"href":"https:\/\/www.actualidadadiario.com\/index.php\/wp-json\/wp\/v2\/types\/post"}],"author":[{"embeddable":true,"href":"https:\/\/www.actualidadadiario.com\/index.php\/wp-json\/wp\/v2\/users\/3"}],"replies":[{"embeddable":true,"href":"https:\/\/www.actualidadadiario.com\/index.php\/wp-json\/wp\/v2\/comments?post=8165"}],"version-history":[{"count":1,"href":"https:\/\/www.actualidadadiario.com\/index.php\/wp-json\/wp\/v2\/posts\/8165\/revisions"}],"predecessor-version":[{"id":8167,"href":"https:\/\/www.actualidadadiario.com\/index.php\/wp-json\/wp\/v2\/posts\/8165\/revisions\/8167"}],"wp:featuredmedia":[{"embeddable":true,"href":"https:\/\/www.actualidadadiario.com\/index.php\/wp-json\/wp\/v2\/media\/8166"}],"wp:attachment":[{"href":"https:\/\/www.actualidadadiario.com\/index.php\/wp-json\/wp\/v2\/media?parent=8165"}],"wp:term":[{"taxonomy":"category","embeddable":true,"href":"https:\/\/www.actualidadadiario.com\/index.php\/wp-json\/wp\/v2\/categories?post=8165"},{"taxonomy":"post_tag","embeddable":true,"href":"https:\/\/www.actualidadadiario.com\/index.php\/wp-json\/wp\/v2\/tags?post=8165"}],"curies":[{"name":"wp","href":"https:\/\/api.w.org\/{rel}","templated":true}]}}