{"id":8162,"date":"2017-03-09T09:57:48","date_gmt":"2017-03-09T12:57:48","guid":{"rendered":"http:\/\/actualidadadiario.com\/site\/?p=8162"},"modified":"2017-03-09T09:57:48","modified_gmt":"2017-03-09T12:57:48","slug":"importante-avance-en-la-lucha-contra-el-narcotrafico","status":"publish","type":"post","link":"https:\/\/www.actualidadadiario.com\/index.php\/2017\/03\/09\/importante-avance-en-la-lucha-contra-el-narcotrafico\/","title":{"rendered":"Importante avance en la lucha contra el narcotr\u00e1fico"},"content":{"rendered":"<p><em><strong>En relaci\u00f3n al operativo desplegado este martes por la tarde por las fuerzas de seguridad provinciales en las localidades de Feliciano, Nogoy\u00e1 y Paran\u00e1, las autoridades de la Polic\u00eda de Entre R\u00edos brindaron una conferencia de prensa a los fines de dar detalles espec\u00edficos sobre el trabajo realizado, que finaliz\u00f3 con la detenci\u00f3n de una importante organizaci\u00f3n dedicada al narcotr\u00e1fico<\/strong><\/em><\/p>\n<p>&nbsp;<\/p>\n<p>&nbsp;<\/p>\n<p>&nbsp;<\/p>\n<p>&nbsp;<\/p>\n<p>La conferencia, llevada a cabo en el sal\u00f3n de reuniones de la Jefatura de la Polic\u00eda de Entre R\u00edos, estuvo encabezada por el ministro de Gobierno y Justicia, Mauro Urribarri; el jefe de Polic\u00eda, Gustavo Maslein; el subjefe de Polic\u00eda, Jos\u00e9 Lauman; el director de Toxicolog\u00eda, Lucio Villalba; y el subdirector de Toxicolog\u00eda, Jos\u00e9 Herrera.<\/p>\n<p>&nbsp;<\/p>\n<p>El ministro Urribarri destac\u00f3 el trabajo realizado por la fuerza provincial y explic\u00f3 la importancia de dar cuenta del operativo efectuado una vez concretados los procedimientos y actuaciones de rigor. Subray\u00f3 que el mismo es resultado del trabajo llevado adelante por el Juzgado Federal N\u00ba 1, a cargo del Dr. Leandro R\u00edos, que implic\u00f3 m\u00e1s de un a\u00f1o de investigaci\u00f3n con distintas etapas.<\/p>\n<p>&nbsp;<\/p>\n<p>Maslein, por su lado, calific\u00f3 al operativo como \u201cun golpe contra el narcotr\u00e1fico\u201d, que se enmarca dentro de las l\u00edneas de trabajo que se plante\u00f3 abordar desde el inicio de la gesti\u00f3n. \u201cSe desbarat\u00f3 una banda que operaba en la provincia. Se lograron detener una decena de personas y se secuestraron m\u00e1s de 252 kilogramos de marihuana. Estamos dando respuesta a una de las l\u00edneas puntuales que nos ha dado nuestro Gobierno&#8221;, manifest\u00f3.<\/p>\n<p>&nbsp;<\/p>\n<p>El director de Toxicolog\u00eda, Lucio Villalba, quien estuvo a cargo del trabajo de campo, brind\u00f3 detalles sobre la secuencia de los hechos, explic\u00f3 que se trataba de una estructura importante con roles y funciones, e hizo referencia a que todas las personas detenidas son mayores de edad. \u201cEstamos seguros que los detenidos son las personas m\u00e1s importantes de la banda\u201d, apunt\u00f3.<\/p>\n<p>&nbsp;<\/p>\n<p>Asimismo, resalt\u00f3 el apoyo de las autoridades de la Polic\u00eda y del Ministerio para llevar adelante este tipo de operativos con resultados positivos, en la medida en que estas estructuras se van trasladando por ciudades y provincias lo cual dificulta la tarea.<\/p>\n<p>&nbsp;<\/p>\n<p>Finalmente, el ministro Urribarri se\u00f1al\u00f3 que con los 252 kilogramos de marihuana secuestrados se alcanza un total de 952 kilogramos en los \u00faltimos quince d\u00edas en la ciudad de Paran\u00e1. \u201cDesde hace un a\u00f1o venimos trabajando con el objetivo de intensificar los resultados que se han dado en 2015\u201d. Y en este sentido, puntualiz\u00f3: \u201cEn 2015 se realizaron 2.897 allanamientos mientras que en 2016, sumaron 3.870; y en materia de estupefacientes, en 2015 se secuestraron 6 kilogramos de coca\u00edna y durante 2016, 81 kilogramos\u201d.<\/p>\n","protected":false},"excerpt":{"rendered":"<p>En relaci\u00f3n al operativo desplegado este martes por la tarde por las fuerzas de seguridad provinciales en las localidades de Feliciano, Nogoy\u00e1 y Paran\u00e1, las autoridades de la Polic\u00eda de Entre R\u00edos brindaron una conferencia de prensa a los fines de dar detalles espec\u00edficos sobre el trabajo realizado, que finaliz\u00f3 con la detenci\u00f3n de una importante organizaci\u00f3n dedicada al narcotr\u00e1fico &nbsp; &nbsp; &nbsp; &nbsp; La conferencia, llevada a cabo en el sal\u00f3n de reuniones de la Jefatura de la Polic\u00eda de Entre R\u00edos, estuvo encabezada por el ministro de Gobierno&#8230;<\/p>\n","protected":false},"author":3,"featured_media":8163,"comment_status":"closed","ping_status":"closed","sticky":false,"template":"","format":"standard","meta":[],"categories":[15],"tags":[],"_links":{"self":[{"href":"https:\/\/www.actualidadadiario.com\/index.php\/wp-json\/wp\/v2\/posts\/8162"}],"collection":[{"href":"https:\/\/www.actualidadadiario.com\/index.php\/wp-json\/wp\/v2\/posts"}],"about":[{"href":"https:\/\/www.actualidadadiario.com\/index.php\/wp-json\/wp\/v2\/types\/post"}],"author":[{"embeddable":true,"href":"https:\/\/www.actualidadadiario.com\/index.php\/wp-json\/wp\/v2\/users\/3"}],"replies":[{"embeddable":true,"href":"https:\/\/www.actualidadadiario.com\/index.php\/wp-json\/wp\/v2\/comments?post=8162"}],"version-history":[{"count":1,"href":"https:\/\/www.actualidadadiario.com\/index.php\/wp-json\/wp\/v2\/posts\/8162\/revisions"}],"predecessor-version":[{"id":8164,"href":"https:\/\/www.actualidadadiario.com\/index.php\/wp-json\/wp\/v2\/posts\/8162\/revisions\/8164"}],"wp:featuredmedia":[{"embeddable":true,"href":"https:\/\/www.actualidadadiario.com\/index.php\/wp-json\/wp\/v2\/media\/8163"}],"wp:attachment":[{"href":"https:\/\/www.actualidadadiario.com\/index.php\/wp-json\/wp\/v2\/media?parent=8162"}],"wp:term":[{"taxonomy":"category","embeddable":true,"href":"https:\/\/www.actualidadadiario.com\/index.php\/wp-json\/wp\/v2\/categories?post=8162"},{"taxonomy":"post_tag","embeddable":true,"href":"https:\/\/www.actualidadadiario.com\/index.php\/wp-json\/wp\/v2\/tags?post=8162"}],"curies":[{"name":"wp","href":"https:\/\/api.w.org\/{rel}","templated":true}]}}