{"id":8159,"date":"2017-03-09T09:56:42","date_gmt":"2017-03-09T12:56:42","guid":{"rendered":"http:\/\/actualidadadiario.com\/site\/?p=8159"},"modified":"2017-03-09T09:56:42","modified_gmt":"2017-03-09T12:56:42","slug":"aumenta-el-indice-de-presentismo-en-escuelas-entrerrianas","status":"publish","type":"post","link":"https:\/\/www.actualidadadiario.com\/index.php\/2017\/03\/09\/aumenta-el-indice-de-presentismo-en-escuelas-entrerrianas\/","title":{"rendered":"Aumenta el \u00edndice de presentismo en escuelas entrerrianas"},"content":{"rendered":"<p><em><strong>De acuerdo a los datos relevados por la Secretaria de Trabajo de la provincia, se retoman las clases en varios establecimientos educativos entrerrianos. La noticia coincide con la finalizaci\u00f3n de las dos jornadas de paro convocadas por la Ctera en todo el pa\u00eds<\/strong><\/em><\/p>\n<p>&nbsp;<\/p>\n<p>&nbsp;<\/p>\n<p>&nbsp;<\/p>\n<p>\u201cDesde el gobierno provincial hemos dado clara se\u00f1ales de di\u00e1logo con los trabajadores de la educaci\u00f3n, y en ese marco realizamos una propuesta equilibrada en base a nuestras posibilidades financieras que tiene como premisa que ning\u00fan docente gane por debajo de la inflaci\u00f3n\u201d, reiter\u00f3 el presidente del Consejo General de la Educaci\u00f3n (CGE).<\/p>\n<p>&nbsp;<\/p>\n<p>Los datos se conocieron luego de los relevamientos realizados por la Secretaria de Trabajo de la provincia: \u201cen varias escuelas de la provincia los docentes est\u00e1n volviendo a dar clases en un 80 y un 90 por ciento. Algunos casos llega al 100 por ciento\u201d, inform\u00f3 Panozzo.<\/p>\n<p>&nbsp;<\/p>\n<p>\u201cLa informaci\u00f3n va variando en cada departamento, pero es notoria la vuelta a clases que se registra en este mi\u00e9rcoles. Esto nos indica que es posible construir un horizonte de di\u00e1logo para que los m\u00e1s de 400.000 estudiantes entrerrianos no pierdan m\u00e1s d\u00edas de clases, y a la vez podamos avanzar en otros puntos importantes de la educaci\u00f3n, como lo es la infraestructura educativa en la que hemos avanzado mucho\u201d, sostuvo el titular del CGE.<\/p>\n<p>&nbsp;<\/p>\n<p>Panozzo tambi\u00e9n adelant\u00f3 que \u201clos controles sobre presentismo en las escuelas van a continuar, ya que en otras oportunidades se detectaron irregularidades\u201d, y explic\u00f3 que \u201cel objetivo es contar con los datos exactos para ser justos con los docentes que est\u00e1n yendo a dar clases\u201d.<\/p>\n<p>&nbsp;<\/p>\n<p>&nbsp;<\/p>\n<p>&nbsp;<\/p>\n<p><strong>A continuaci\u00f3n se consignan algunos datos relevados a modo de ejemplo: <\/strong><\/p>\n<p><strong>Nogoy\u00e1 <\/strong><\/p>\n<p>N\u00ba 1 &#8220;Carlos Mar\u00eda de Alvaear&#8221;: 100%<\/p>\n<p>N\u00ba 4 &#8220;provincia de corrientes&#8221; L. Gonzalez: 100%<\/p>\n<p>N\u00ba 8 &#8220;Esteban Echeverria&#8221; L. Gonzalez: 100%<\/p>\n<p>N\u00ba 9 &#8220;F\u00e9lix Fr\u00edas&#8221; Hern\u00e1ndez\u00a0\u00a0\u00a0\u00a0\u00a0 : 98%<\/p>\n<p>N\u00ba 53 &#8220;Yapey\u00fa&#8221;: 98%<\/p>\n<p>N\u00ba 66 &#8220;Gral. Manuel Belgrano&#8221;: 85%<\/p>\n<p>N\u00ba 92 &#8220;Enrrique Pestalozzi&#8221;: 100%<\/p>\n<p>N\u00ba 101\u00a0 &#8220;Rca. de Entre R\u00edos&#8221;: 99%<\/p>\n<p>N\u00ba 102\u00a0 &#8220;17 de Agosto&#8221; Aranguren: 100%<\/p>\n<p>N\u00ba 103\u00a0 &#8220;Convenci\u00f3n Nacional Constituyente&#8221;: 90%<\/p>\n<p>N\u00ba 4 &#8220;Dr. Antonio Sagarna&#8221;: 90%<\/p>\n<p>EEAT N\u00ba 2 Esc. de Educaci\u00f3n Agrot\u00e9cnica &#8220;La Carola&#8221;: 99%<\/p>\n<p>N\u00ba 14 &#8220;Julio C\u00e9sar Monz\u00f3n&#8221;: 99%<\/p>\n<p>N\u00ba 3 &#8220;Atilio Santos Pascual Schiavoni&#8221;: 90%<\/p>\n<p>N\u00ba5 &#8220;Dr. Sab\u00e1 Z. Hern\u00e1ndez&#8221;: 100%<\/p>\n<p>&nbsp;<\/p>\n<p><strong>Gualeguaych\u00fa <\/strong><\/p>\n<p>EET N\u00ba 1 &#8220;Alf\u00e9rez de Nav\u00edo Don Jos\u00e9 Mar\u00eda Sobral&#8221;: 70%<\/p>\n<p>EET N\u00ba 2 &#8220;Presb\u00edtero Jos\u00e9 Colombo&#8221;: 90%<\/p>\n<p>EET N\u00ba 3 &#8220;15 de Noviembre&#8221;: 70%<\/p>\n<p>EET N\u00ba4 s\/n Larroque: 100%<\/p>\n<p>EET N\u00ba 18 &#8220;Gral. Manuel Nicol\u00e1s Sabio&#8221;: 100%<\/p>\n<p>N\u00ba 2 &#8220;Profesor Pablo Haedo&#8221;: 95%<\/p>\n<p>N\u00ba 3 &#8220;20 de Junio&#8221;: 80%<\/p>\n<p>N\u00ba 5 &#8220;Soldado Carlos Mosto&#8221;: 80%<\/p>\n<p>N\u00ba 12 &#8220;Luis Clavarino&#8221;: 100%<\/p>\n<p>N\u00ba 14 &#8220;Olegario Victor Andrade&#8221;: 80%<\/p>\n<p>N\u00ba 15 &#8220;Jos\u00e9 Benedicto Viru\u00e9&#8221;: 95%<\/p>\n<p>N\u00ba 16 &#8220;Colegio Urrinarrain&#8221;: 90%<\/p>\n<p>N\u00ba 24 &#8220;Juan Jos\u00e9 N\u00e1gena&#8221;: 60%<\/p>\n<p>&nbsp;<\/p>\n<p><strong>San Salvador <\/strong><\/p>\n<p>N\u00ba 1 &#8220;Jos\u00e9 Mar\u00eda Texier&#8221;: 100%<\/p>\n<p>N\u00ba 2 &#8220;Bartolom\u00e9 Mitre&#8221;: 100%<\/p>\n<p>N\u00ba 9 Integral &#8220;Pinocho&#8221;: 100%<\/p>\n<p>&nbsp;<\/p>\n<p><strong>Uruguay <\/strong><\/p>\n<p>N\u00ba 1 &#8220;Nicol\u00e1s Avellaneda&#8221;: 70%<\/p>\n<p>N\u00ba 36 &#8220;Esteban Ehcever\u00eda&#8221;: 66%<\/p>\n<p>N\u00ba 88 &#8220;Buenos Aires&#8221;: 90%<\/p>\n<p>N\u00ba 93 &#8220;Santiago del Estero&#8221;: 100%<\/p>\n<p>N\u00ba 109 &#8220;Juan Jos\u00e9 Millan&#8221;: 100%<\/p>\n<p>N\u00ba 110 &#8220;Dr. Benjam\u00edn Victorica&#8221;: 55%<\/p>\n<p>N\u00ba 113 &#8220;Maestro Julio C\u00e9sar Sotto&#8221;: 100%<\/p>\n<p>&nbsp;<\/p>\n<p><strong>Col\u00f3n <\/strong><\/p>\n<p>N\u00ba 6 &#8220;Esmeralda Bertelli&#8221;: 80%<\/p>\n<p>EET N\u00ba 6 s\/n: 90%<\/p>\n<p>EEAT: 80%<\/p>\n<p>Esc. Normal: 20%<\/p>\n","protected":false},"excerpt":{"rendered":"<p>De acuerdo a los datos relevados por la Secretaria de Trabajo de la provincia, se retoman las clases en varios establecimientos educativos entrerrianos. La noticia coincide con la finalizaci\u00f3n de las dos jornadas de paro convocadas por la Ctera en todo el pa\u00eds &nbsp; &nbsp; &nbsp; \u201cDesde el gobierno provincial hemos dado clara se\u00f1ales de di\u00e1logo con los trabajadores de la educaci\u00f3n, y en ese marco realizamos una propuesta equilibrada en base a nuestras posibilidades financieras que tiene como premisa que ning\u00fan docente gane por debajo de la inflaci\u00f3n\u201d, reiter\u00f3&#8230;<\/p>\n","protected":false},"author":3,"featured_media":8160,"comment_status":"closed","ping_status":"closed","sticky":false,"template":"","format":"standard","meta":[],"categories":[15],"tags":[],"_links":{"self":[{"href":"https:\/\/www.actualidadadiario.com\/index.php\/wp-json\/wp\/v2\/posts\/8159"}],"collection":[{"href":"https:\/\/www.actualidadadiario.com\/index.php\/wp-json\/wp\/v2\/posts"}],"about":[{"href":"https:\/\/www.actualidadadiario.com\/index.php\/wp-json\/wp\/v2\/types\/post"}],"author":[{"embeddable":true,"href":"https:\/\/www.actualidadadiario.com\/index.php\/wp-json\/wp\/v2\/users\/3"}],"replies":[{"embeddable":true,"href":"https:\/\/www.actualidadadiario.com\/index.php\/wp-json\/wp\/v2\/comments?post=8159"}],"version-history":[{"count":1,"href":"https:\/\/www.actualidadadiario.com\/index.php\/wp-json\/wp\/v2\/posts\/8159\/revisions"}],"predecessor-version":[{"id":8161,"href":"https:\/\/www.actualidadadiario.com\/index.php\/wp-json\/wp\/v2\/posts\/8159\/revisions\/8161"}],"wp:featuredmedia":[{"embeddable":true,"href":"https:\/\/www.actualidadadiario.com\/index.php\/wp-json\/wp\/v2\/media\/8160"}],"wp:attachment":[{"href":"https:\/\/www.actualidadadiario.com\/index.php\/wp-json\/wp\/v2\/media?parent=8159"}],"wp:term":[{"taxonomy":"category","embeddable":true,"href":"https:\/\/www.actualidadadiario.com\/index.php\/wp-json\/wp\/v2\/categories?post=8159"},{"taxonomy":"post_tag","embeddable":true,"href":"https:\/\/www.actualidadadiario.com\/index.php\/wp-json\/wp\/v2\/tags?post=8159"}],"curies":[{"name":"wp","href":"https:\/\/api.w.org\/{rel}","templated":true}]}}