{"id":8156,"date":"2017-03-09T09:55:35","date_gmt":"2017-03-09T12:55:35","guid":{"rendered":"http:\/\/actualidadadiario.com\/site\/?p=8156"},"modified":"2017-03-09T09:55:35","modified_gmt":"2017-03-09T12:55:35","slug":"acuerdan-la-necesidad-de-modernizar-el-poder-judicial","status":"publish","type":"post","link":"https:\/\/www.actualidadadiario.com\/index.php\/2017\/03\/09\/acuerdan-la-necesidad-de-modernizar-el-poder-judicial\/","title":{"rendered":"Acuerdan la necesidad de modernizar el Poder Judicial"},"content":{"rendered":"<p><em><strong>El gobernador Gustavo Bordet mantuvo una reuni\u00f3n protocolar con miembros del STJ y el presidente de la Junta Federal de Cortes, Rafael Guti\u00e9rrez, con quienes abord\u00f3 la reforma judicial que propuso el 15 de febrero al dejar inaugurado un nuevo per\u00edodo de sesiones de la Legislatura entrerriana. Guti\u00e9rrez hizo hincapi\u00e9 en la necesidad de modernizar el Poder Judicial<\/strong><\/em><\/p>\n<p>&nbsp;<\/p>\n<p>&nbsp;<\/p>\n<p>&nbsp;<\/p>\n<p>&nbsp;<\/p>\n<p>\u201cLa reforma de la Ley Org\u00e1nica, analizar los C\u00f3digos de Procedimiento que siempre un toque hay que hacerle porque la judicializaci\u00f3n de las cuestiones van requiriendo respuestas distintas&#8221;, expres\u00f3 el titular de la Junta Federal de Cortes luego del encuentro que se realiz\u00f3 en la Casa Gris y del que participaron la presidente del STJ Claudia Mizawak, y los vocales German Carlomagno y Emilio Castrill\u00f3n.<\/p>\n<p>&nbsp;<\/p>\n<p>Guti\u00e9rrez sostuvo que &#8220;el tema de la reforma est\u00e1 constantemente en los poderes judiciales y, fundamentalmente, la visi\u00f3n que tiene los Superiores Tribunales que ellos ven d\u00eda a d\u00eda cu\u00e1les son las principales dificultades e inconvenientes\u201d.<\/p>\n<p>&nbsp;<\/p>\n<p>Tambi\u00e9n se refiri\u00f3 a &#8220;la capacitaci\u00f3n de los magistrados y funcionarios que tienen una escuela judicial en Entre R\u00edos jerarquizada. Hace 42 a\u00f1os que estoy en el Poder Judicial y conozco el funcionamiento de todas las provincias y cu\u00e1les son las que verdaderamente que han impulsado reformas. Entre R\u00edos es una provincia que siempre se ha interesado firmar convenios de capacitaci\u00f3n en orden nacional e internacional&#8221;, precis\u00f3.<\/p>\n<p>&nbsp;<\/p>\n<p>Coment\u00f3 luego que d\u00edas atr\u00e1s realiz\u00f3 una serie de convenios para avanzar en lo que tiene que ver con las notificaciones entre pa\u00edses. &#8220;Este es el trabajo de la Junta Federal de Cortes con el impulso particular de cada una de las provincias porque \u00e9stas son aut\u00f3nomas&#8221;.<\/p>\n<p>&nbsp;<\/p>\n<p>\u201cEntre R\u00edos siempre ha tenido iniciativa. Adem\u00e1s tienen bien distribuido los Tribunales en todos los departamentos de la provincia. Eso facilita el acceso a la Justicia y para que la gente tenga cerca un Tribunal, una Fiscal\u00eda, una Defensor\u00eda cuando necesita ante un litigio&#8221;, insisti\u00f3.<\/p>\n<p>&nbsp;<\/p>\n<p>La Junta Federal de Cortes y Superiores Tribunales de Justicia de las Provincias Argentinas y Ciudad Aut\u00f3noma de Buenos Aires (Ju.Fe.Jus.) es una entidad federal que nuclea a todos los miembros en ejercicio de las Cortes Supremas y Superiores Tribunales de Justicia de las Provincias Argentinas que la componen, congregando as\u00ed a los ministros integrantes de las cabezas de los Poderes Judiciales Provinciales de nuestro pa\u00eds. Naci\u00f3 en 1994, a partir de los debates que pusieron en la superficie el reconocimiento de las limitaciones y deficiencias que tienen los sistemas judiciales.<\/p>\n<p>&nbsp;<\/p>\n<p>Al respecto, la presidente del Superior Tribunal de Justicia, Claudia Mizawak, precis\u00f3 que &#8220;el doctor Guti\u00e9rrez tiene la buena y saludable costumbre de acompa\u00f1ar a todos los poderes judiciales de las provincias argentinas, interiorizarse de las cuestiones institucionales de cada provincia y realizar estas visitas protocolares que luego allanan caminos de di\u00e1logo. Fue una interesante reuni\u00f3n para ponerlo en contacto con el gobernador y empezar a trabajar con la Junta Federal de Cortes y el gobierno de Entre R\u00edos&#8221;, asegur\u00f3 la magistrada.<\/p>\n<p>&nbsp;<\/p>\n<p>&nbsp;<\/p>\n<p><strong>El anuncio <\/strong><\/p>\n<p>Durante su mensaje ante la Asamblea Legislativa, Bordet hab\u00eda destacado que \u201cla Ley Org\u00e1nica del Poder Judicial no ha sido actualizada luego de tres hechos fundamentales en la vida institucional de esta provincia que son la reforma de la Constituci\u00f3n nacional de 1994, la reforma de la Constituci\u00f3n provincial de 2008 y la reforma del C\u00f3digo Civil y Comercial que entr\u00f3 en vigencia en 2015\u201d.<\/p>\n<p>&nbsp;<\/p>\n<p>En ese marco, hab\u00eda se\u00f1alado el mandatario, \u201cse impone una reforma a la organizaci\u00f3n y funcionamiento del Poder Judicial en sinton\u00eda con la vigencia de un nuevo constitucionalismo y un derecho moderno\u201d.<\/p>\n<p>&nbsp;<\/p>\n<p>Y anunci\u00f3 que enviar\u00e1 a la legislatura \u201cun proyecto para reformar estas instituciones del Poder Judicial\u201d para lo cual, \u201clograremos los consensos y unanimidad que son necesarios para tener instituciones acordes a lo que los tiempos hoy nos est\u00e1n exigiendo\u201d.<\/p>\n","protected":false},"excerpt":{"rendered":"<p>El gobernador Gustavo Bordet mantuvo una reuni\u00f3n protocolar con miembros del STJ y el presidente de la Junta Federal de Cortes, Rafael Guti\u00e9rrez, con quienes abord\u00f3 la reforma judicial que propuso el 15 de febrero al dejar inaugurado un nuevo per\u00edodo de sesiones de la Legislatura entrerriana. Guti\u00e9rrez hizo hincapi\u00e9 en la necesidad de modernizar el Poder Judicial &nbsp; &nbsp; &nbsp; &nbsp; \u201cLa reforma de la Ley Org\u00e1nica, analizar los C\u00f3digos de Procedimiento que siempre un toque hay que hacerle porque la judicializaci\u00f3n de las cuestiones van requiriendo respuestas distintas&#8221;,&#8230;<\/p>\n","protected":false},"author":3,"featured_media":8157,"comment_status":"closed","ping_status":"closed","sticky":false,"template":"","format":"standard","meta":[],"categories":[15],"tags":[],"_links":{"self":[{"href":"https:\/\/www.actualidadadiario.com\/index.php\/wp-json\/wp\/v2\/posts\/8156"}],"collection":[{"href":"https:\/\/www.actualidadadiario.com\/index.php\/wp-json\/wp\/v2\/posts"}],"about":[{"href":"https:\/\/www.actualidadadiario.com\/index.php\/wp-json\/wp\/v2\/types\/post"}],"author":[{"embeddable":true,"href":"https:\/\/www.actualidadadiario.com\/index.php\/wp-json\/wp\/v2\/users\/3"}],"replies":[{"embeddable":true,"href":"https:\/\/www.actualidadadiario.com\/index.php\/wp-json\/wp\/v2\/comments?post=8156"}],"version-history":[{"count":1,"href":"https:\/\/www.actualidadadiario.com\/index.php\/wp-json\/wp\/v2\/posts\/8156\/revisions"}],"predecessor-version":[{"id":8158,"href":"https:\/\/www.actualidadadiario.com\/index.php\/wp-json\/wp\/v2\/posts\/8156\/revisions\/8158"}],"wp:featuredmedia":[{"embeddable":true,"href":"https:\/\/www.actualidadadiario.com\/index.php\/wp-json\/wp\/v2\/media\/8157"}],"wp:attachment":[{"href":"https:\/\/www.actualidadadiario.com\/index.php\/wp-json\/wp\/v2\/media?parent=8156"}],"wp:term":[{"taxonomy":"category","embeddable":true,"href":"https:\/\/www.actualidadadiario.com\/index.php\/wp-json\/wp\/v2\/categories?post=8156"},{"taxonomy":"post_tag","embeddable":true,"href":"https:\/\/www.actualidadadiario.com\/index.php\/wp-json\/wp\/v2\/tags?post=8156"}],"curies":[{"name":"wp","href":"https:\/\/api.w.org\/{rel}","templated":true}]}}