{"id":8153,"date":"2017-03-09T09:54:48","date_gmt":"2017-03-09T12:54:48","guid":{"rendered":"http:\/\/actualidadadiario.com\/site\/?p=8153"},"modified":"2017-03-09T09:54:48","modified_gmt":"2017-03-09T12:54:48","slug":"bordet-redoblo-el-compromiso-de-trabajar-por-la-igualdad-de-genero","status":"publish","type":"post","link":"https:\/\/www.actualidadadiario.com\/index.php\/2017\/03\/09\/bordet-redoblo-el-compromiso-de-trabajar-por-la-igualdad-de-genero\/","title":{"rendered":"Bordet redobl\u00f3 el compromiso de trabajar por la igualdad de g\u00e9nero"},"content":{"rendered":"<p><em><strong>Presidido por el gobernador Gustavo Bordet, este martes se realiz\u00f3 un acto por el recambio de las seis im\u00e1genes de destacadas mujeres entrerrianas que se exponen en Casa de Gobierno. \u201cNos interesa el presente y m\u00e1s todav\u00eda el futuro. Por eso estamos aqu\u00ed en este D\u00eda Internacional de la Mujer redoblando un compromiso para poder lograr la definitiva equiparaci\u00f3n y la igualdad de g\u00e9nero que es tan necesaria en nuestra sociedad\u201d, indic\u00f3 el mandatario<\/strong><\/em><\/p>\n<p>&nbsp;<\/p>\n<p>&nbsp;<\/p>\n<p>&nbsp;<\/p>\n<p>&nbsp;<\/p>\n<p>En el Sal\u00f3n Mujeres Entrerrianas, las im\u00e1genes de Rita Latallada de Victoria, Rosario Vera Pe\u00f1aloza, Camila Nievas, Beatriz Bosch, Emma Barrandeguy y Ana Teresa Fabani se encuentran expuestas desde este martes, luego del acto en el que participaron tambi\u00e9n la esposa del gobernador Bordet, Mariel Avila; la presidenta del Superior Tribunal de Justicia, Claudia Mizawak; los ministros de Gobierno, Mauro Urribarri; de Desarrollo Social, Laura Stratta; de Producci\u00f3n, Carlos Schepens; de Turismo, Adri\u00e1n Fuertes; y de Salud, Ariel de la Rosa, adem\u00e1s del asesor cultural, Roberto Romani. Se trat\u00f3 de una actividad programada.<\/p>\n<p>&nbsp;<\/p>\n<p>Romani se refiri\u00f3 a la historia de cada una de las mujeres entrerrianas elegidas en esta oportunidad para formar parte de la galer\u00eda de cuadros del Sal\u00f3n de las Mujeres y luego hizo uso de la palabra el gobernador Bordet, quien dijo adem\u00e1s que \u201cel espacio f\u00edsicamente resulta peque\u00f1o, puesto que son demasiadas, por suerte, las mujeres entrerrianas que han dejado una huella en Entre R\u00edos. Por eso es que hacemos esta renovaci\u00f3n todos los a\u00f1os para ser justos o tratar de ser lo m\u00e1s justos posibles con todas las mujeres que tuvieron una tarea destacada en la provincia\u201d.<\/p>\n<p>&nbsp;<\/p>\n<p>\u201cPero tambi\u00e9n nos interesa el presente y m\u00e1s todav\u00eda el futuro. Por eso estamos aqu\u00ed en este D\u00eda Internacional de la Mujer redoblando un compromiso para poder lograr la definitiva equiparaci\u00f3n y la igualdad de g\u00e9nero que es tan necesaria en nuestra sociedad. Y a esto lo desarrollamos como una constante en nuestra gesti\u00f3n. Hoy es un d\u00eda de reflexi\u00f3n, es un momento que nos tomamos para homenajear, para reflexionar, para darnos apoyo pero a lo largo de la tarea cotidiana hemos trabajado de manera constante y con medidas concretas para ir logrando estos derechos reivindicativos de nuestras mujeres\u201d, sostuvo el mandatario.<\/p>\n<p>&nbsp;<\/p>\n<p>Luego dijo: \u201cEntiendo que nos queda un camino que es muy largo pero tenemos que hacerlo con decisi\u00f3n. Hay cuestiones que en la agenda de gobierno no se corporizan, no toman visibilidad pero que sin embargo est\u00e1n en nuestra sociedad y son cuestiones lacerantes, que nos duelen, que tienen que ver con la desprotecci\u00f3n de nuestras familias, de nuestros ni\u00f1os, de nuestras mujeres, y en esto hemos tomado una tarea decidida desde nuestro gobierno de trabajar con mucha seriedad y mucha responsabilidad para ir logrando esta restituci\u00f3n de derechos, para tener una sociedad m\u00e1s justa y mucho m\u00e1s inclusiva\u201d.<\/p>\n<p>&nbsp;<\/p>\n<p>M\u00e1s adelante, Bordet reafirm\u00f3 su compromiso de \u201cpoder tener un espacio en nuestra gesti\u00f3n de gobierno para que se pueda interactuar, para que se pueda tambi\u00e9n trabajar con el disenso pero con objetivos superiores que sean muy claros y hacia donde tenemos que dirigirnos. Por eso especialmente, quiero agradecerles a todas las mujeres que integran nuestro equipo de gobierno porque s\u00e9 positivamente de su m\u00e1s absoluto compromiso y de esa fina sensibilidad que nos falta a los hombres para resolver los problemas\u201d.<\/p>\n<p>&nbsp;<\/p>\n<p>Tras ello, agradeci\u00f3 \u201ca todas las mujeres que trabajan todos los d\u00edas en nuestras escuelas, a todas nuestras mujeres docentes por educar a nuestros hijos, y a aquellas que trabajan en la salud, que est\u00e1n al lado de quienes est\u00e1n sufriendo y por tener esa sensibilidad ayudan en el \u00e1nimo, m\u00e1s all\u00e1 de la capacidad t\u00e9cnica y profesional que puedan tener para desempe\u00f1ar su cargo\u201d.<\/p>\n<p>&nbsp;<\/p>\n<p>\u201cQuiero agradecerles a todas las mujeres que en distintos lugares, en distintos \u00e1mbitos de nuestra provincia ponen el esfuerzo cotidiano, el compromiso para poder tener no una gesti\u00f3n, sino una provincia como todos los entrerrianos nos merecemos\u201d, continu\u00f3 diciendo Bordet, y agreg\u00f3 que \u201cpor eso es que hoy renovamos y redoblamos el esfuerzo, el compromiso, sabiendo que hay una gesti\u00f3n que en mi persona va a estar permanentemente acompa\u00f1ando en esta lucha, en esta tarea, porque entendemos que a esto tenemos que hacerlo absolutamente entre todos porque ah\u00ed est\u00e1 la clave y la garant\u00eda de que lleguemos a cumplir los objetivos fijados\u201d.<\/p>\n<p>&nbsp;<\/p>\n<p>&nbsp;<\/p>\n<p>&nbsp;<\/p>\n<p><strong>Las homenajeadas <\/strong><\/p>\n<p><strong>Rita Latallada de Victoria <\/strong><\/p>\n<p>Naci\u00f3 en Ceibas, departamento Islas del Ibicuy, el 19 de diciembre de 1870. Maestra Normal y profesora de Ciencia y Letras. Dilecta alumna de Sara Eccleston y reconocida por Sarmiento como figura esencial, junto a Rosario Vera Pe\u00f1aloza, de la educaci\u00f3n inicial. Fund\u00f3 escuelas, llev\u00f3 adelante las primeras creaciones de jardines de infantes en el pa\u00eds y fu distinguida en el Congreso Pedag\u00f3gico de Chicago. Muri\u00f3 en Buenos Aires, el 26 de enero de 1958. Se hab\u00eda casado con Maximio Victoria. Fue madre de 7 hijos.<\/p>\n<p>&nbsp;<\/p>\n<p>&nbsp;<\/p>\n<p><strong>Rosario Vera Pe\u00f1aloza <\/strong><\/p>\n<p>Naci\u00f3 en La Rioja, el 25 de diciembre de 1873. Estudi\u00f3 en San Juan, La Rioja y Paran\u00e1, en cuya Escuela Normal obtuvo el t\u00edtulo de Profesora y comenz\u00f3 a ejercer la docencia. Verdadera pionera del Nivel Inicial en la Argentina, fund\u00f3 escuelas y realiz\u00f3 reformas educativas y formaci\u00f3n docente con visi\u00f3n y alto compromiso. Record\u00f3 siempre la influencia que los grandes docentes entrerrianos hab\u00edan ejercido en su formaci\u00f3n integral. Muri\u00f3 en La Rioja, el 28 de mayo de 1950.<\/p>\n<p>&nbsp;<\/p>\n<p>&nbsp;<\/p>\n<p><strong>Camila Nievas <\/strong><\/p>\n<p>Naci\u00f3 en Gualeguaych\u00fa, el 15 de julio de 1878. Desde muy joven trabaj\u00f3 incansablemente en acciones tendientes a la emancipaci\u00f3n del esp\u00edritu y de la inteligencia de la mujer. Fund\u00f3 junto a Luisa Bugnone, el 19 de junio de 1898, la Sociedad por la Patria y el Hogar, entidad que dio origen al actual Instituto Magnasco, de Gualeguaych\u00fa, y a la Biblioteca Olegario V\u00edctor Andrade, primera instituci\u00f3n de esta especialidad fundada por mujeres en la Rep\u00fablica Argentina. Muri\u00f3 en Buenos Aires, el 11 de junio de 1941.<\/p>\n<p>&nbsp;<\/p>\n<p>&nbsp;<\/p>\n<p><strong>Beatriz Bosch <\/strong><\/p>\n<p>Naci\u00f3 en Paran\u00e1, el 11 de diciembre de 1911. Fue rectora y profesora del Instituto Nacional del Profesorado de Paran\u00e1. Desde 1965 fue Miembro Correspondiente de la Academia Nacional de la Historia. A partir de 1986 se convirti\u00f3 en la primera mujer designada Miembro de N\u00famero de dicha entidad. Recibi\u00f3 la Faja de Honor de la Sociedad Argentina de Escritores y el Premio de la Secretar\u00eda de Cultura de la Naci\u00f3n por el valioso aporte al conocimiento de la historia de nuestro pa\u00eds. Muri\u00f3 en Buenos Aires, el 5 de junio de 2013.<\/p>\n<p>&nbsp;<\/p>\n<p>&nbsp;<\/p>\n<p><strong>Emma Barrandeguy <\/strong><\/p>\n<p>Naci\u00f3 en Gualeguay, el 8 de marzo de 1914. A partir de 1937 se radic\u00f3 en Buenos Aires. Trabaj\u00f3 junto a Salvadora Onrubia de Botana en el Diario Cr\u00edtica. Estudi\u00f3 Filosof\u00eda y fue traductora de las editoriales El Ateneo y Emec\u00e9. Como periodista, poeta, narradora y dramaturga fue reconocida a nivel nacional. En la provincia recibi\u00f3 el Premio Fray Mocho por su pieza teatral &#8220;Amor saca amor&#8221; y posteriormente la misma distinci\u00f3n por su libro &#8220;Cr\u00f3nica de medio siglo&#8221;. Muri\u00f3 en su ciudad natal, el 19 de diciembre de 2006.<\/p>\n<p>&nbsp;<\/p>\n<p>&nbsp;<\/p>\n<p><strong>Ana Teresa Fabani <\/strong><\/p>\n<p>Naci\u00f3 en Concepci\u00f3n del Uruguay el 6 de marzo de 1922. Se capacit\u00f3 en la docencia. En 1939 se traslad\u00f3 a C\u00f3rdoba para el tratamiento de la tuberculosis. Public\u00f3 sus primeros poemas en peri\u00f3dicos y revistas de Entre R\u00edos y Buenos Aires. El poemario &#8220;Nada tiene nombre&#8221; reuni\u00f3 gran parte de su producci\u00f3n literaria. Muri\u00f3 en Buenos Aires, el 21 de junio de 1949. Con pr\u00f3logo de Ulises Petit de Murat apareci\u00f3 en 1950 su novela p\u00f3stuma &#8220;Mi hogar de niebla&#8221;. Grandes escritores de la \u00e9poca la admiraron profundamente.<\/p>\n","protected":false},"excerpt":{"rendered":"<p>Presidido por el gobernador Gustavo Bordet, este martes se realiz\u00f3 un acto por el recambio de las seis im\u00e1genes de destacadas mujeres entrerrianas que se exponen en Casa de Gobierno. \u201cNos interesa el presente y m\u00e1s todav\u00eda el futuro. Por eso estamos aqu\u00ed en este D\u00eda Internacional de la Mujer redoblando un compromiso para poder lograr la definitiva equiparaci\u00f3n y la igualdad de g\u00e9nero que es tan necesaria en nuestra sociedad\u201d, indic\u00f3 el mandatario &nbsp; &nbsp; &nbsp; &nbsp; En el Sal\u00f3n Mujeres Entrerrianas, las im\u00e1genes de Rita Latallada de Victoria,&#8230;<\/p>\n","protected":false},"author":3,"featured_media":8154,"comment_status":"closed","ping_status":"closed","sticky":false,"template":"","format":"standard","meta":[],"categories":[9,15],"tags":[],"_links":{"self":[{"href":"https:\/\/www.actualidadadiario.com\/index.php\/wp-json\/wp\/v2\/posts\/8153"}],"collection":[{"href":"https:\/\/www.actualidadadiario.com\/index.php\/wp-json\/wp\/v2\/posts"}],"about":[{"href":"https:\/\/www.actualidadadiario.com\/index.php\/wp-json\/wp\/v2\/types\/post"}],"author":[{"embeddable":true,"href":"https:\/\/www.actualidadadiario.com\/index.php\/wp-json\/wp\/v2\/users\/3"}],"replies":[{"embeddable":true,"href":"https:\/\/www.actualidadadiario.com\/index.php\/wp-json\/wp\/v2\/comments?post=8153"}],"version-history":[{"count":1,"href":"https:\/\/www.actualidadadiario.com\/index.php\/wp-json\/wp\/v2\/posts\/8153\/revisions"}],"predecessor-version":[{"id":8155,"href":"https:\/\/www.actualidadadiario.com\/index.php\/wp-json\/wp\/v2\/posts\/8153\/revisions\/8155"}],"wp:featuredmedia":[{"embeddable":true,"href":"https:\/\/www.actualidadadiario.com\/index.php\/wp-json\/wp\/v2\/media\/8154"}],"wp:attachment":[{"href":"https:\/\/www.actualidadadiario.com\/index.php\/wp-json\/wp\/v2\/media?parent=8153"}],"wp:term":[{"taxonomy":"category","embeddable":true,"href":"https:\/\/www.actualidadadiario.com\/index.php\/wp-json\/wp\/v2\/categories?post=8153"},{"taxonomy":"post_tag","embeddable":true,"href":"https:\/\/www.actualidadadiario.com\/index.php\/wp-json\/wp\/v2\/tags?post=8153"}],"curies":[{"name":"wp","href":"https:\/\/api.w.org\/{rel}","templated":true}]}}