{"id":8146,"date":"2017-03-08T10:43:28","date_gmt":"2017-03-08T13:43:28","guid":{"rendered":"http:\/\/actualidadadiario.com\/site\/?p=8146"},"modified":"2017-03-08T10:43:28","modified_gmt":"2017-03-08T13:43:28","slug":"evo-morales-volvera-a-cuba-a-ser-operado-de-un-nodulo-en-la-garganta","status":"publish","type":"post","link":"https:\/\/www.actualidadadiario.com\/index.php\/2017\/03\/08\/evo-morales-volvera-a-cuba-a-ser-operado-de-un-nodulo-en-la-garganta\/","title":{"rendered":"Evo Morales volver\u00e1 a Cuba a ser operado de un n\u00f3dulo en la garganta"},"content":{"rendered":"<p><em><strong>El presidente boliviano ser\u00e1 intervenido dentro de un mes en un hospital de La Habana<\/strong><\/em><\/p>\n<p>&nbsp;<\/p>\n<p>&nbsp;<\/p>\n<p>&nbsp;<\/p>\n<p>&nbsp;<\/p>\n<p>&nbsp;<\/p>\n<p>Despu\u00e9s de varios d\u00edas de incertidumbre e informes parciales sobre su presencia en un hospital cubano, el presidente de Bolivia, Evo Morales, inform\u00f3 este martes, antes de salir de Cuba, de que se estaba tratando un \u201cn\u00f3dulo en la garganta\u201d benigno. Esta lesi\u00f3n se debe al uso excesivo de las cuerdas vocales y ser\u00e1 extirpada en un mes en La Habana.<\/p>\n<p>&nbsp;<\/p>\n<p>&nbsp;<\/p>\n<p>El Gobierno indic\u00f3 que el n\u00f3dulo no hab\u00eda sido detectado por los m\u00e9dicos bolivianos del presidente, saliendo al paso de las cr\u00edticas que se multiplicaron contra este por haberse internado en el extranjero con lo que al comienzo parec\u00eda un diagn\u00f3stico trivial. Los ataques se incrementaron cuando se supo que, adem\u00e1s, Morales viaj\u00f3 el domingo de La Habana a Caracas, a la reuni\u00f3n que celebr\u00f3 la Alianza Bolivariana (ALBA) en el cuarto aniversario de la muerte de Hugo Ch\u00e1vez, y luego volvi\u00f3 a Cuba. La oposici\u00f3n cuestiona que, en 11 a\u00f1os de Gobierno, Morales no haya construido un servicio de salud confiable que haga innecesario que los bolivianos viajen al extranjero en busca de tratamiento m\u00e9dico.<\/p>\n<p>&nbsp;<\/p>\n<p>El oficialismo respondi\u00f3 que la salud de Morales constitu\u00eda un \u201casunto de Estado\u201d, que los m\u00e9dicos locales no hab\u00edan sabido diagnosticarlo y que la comparecencia de este en Caracas se debi\u00f3 a su resistencia a dejar de trabajar. \u201cEvo cree que descansar es traici\u00f3n a la patria\u201d, dijo en broma Nicol\u00e1s Maduro en la reuni\u00f3n, en la que Morales solo habl\u00f3 brevemente una vez, para luego retornar al hospital cubano en el que estaba internado.<\/p>\n","protected":false},"excerpt":{"rendered":"<p>El presidente boliviano ser\u00e1 intervenido dentro de un mes en un hospital de La Habana &nbsp; &nbsp; &nbsp; &nbsp; &nbsp; Despu\u00e9s de varios d\u00edas de incertidumbre e informes parciales sobre su presencia en un hospital cubano, el presidente de Bolivia, Evo Morales, inform\u00f3 este martes, antes de salir de Cuba, de que se estaba tratando un \u201cn\u00f3dulo en la garganta\u201d benigno. Esta lesi\u00f3n se debe al uso excesivo de las cuerdas vocales y ser\u00e1 extirpada en un mes en La Habana. &nbsp; &nbsp; El Gobierno indic\u00f3 que el n\u00f3dulo no&#8230;<\/p>\n","protected":false},"author":3,"featured_media":8147,"comment_status":"closed","ping_status":"closed","sticky":false,"template":"","format":"standard","meta":[],"categories":[4],"tags":[],"_links":{"self":[{"href":"https:\/\/www.actualidadadiario.com\/index.php\/wp-json\/wp\/v2\/posts\/8146"}],"collection":[{"href":"https:\/\/www.actualidadadiario.com\/index.php\/wp-json\/wp\/v2\/posts"}],"about":[{"href":"https:\/\/www.actualidadadiario.com\/index.php\/wp-json\/wp\/v2\/types\/post"}],"author":[{"embeddable":true,"href":"https:\/\/www.actualidadadiario.com\/index.php\/wp-json\/wp\/v2\/users\/3"}],"replies":[{"embeddable":true,"href":"https:\/\/www.actualidadadiario.com\/index.php\/wp-json\/wp\/v2\/comments?post=8146"}],"version-history":[{"count":1,"href":"https:\/\/www.actualidadadiario.com\/index.php\/wp-json\/wp\/v2\/posts\/8146\/revisions"}],"predecessor-version":[{"id":8148,"href":"https:\/\/www.actualidadadiario.com\/index.php\/wp-json\/wp\/v2\/posts\/8146\/revisions\/8148"}],"wp:featuredmedia":[{"embeddable":true,"href":"https:\/\/www.actualidadadiario.com\/index.php\/wp-json\/wp\/v2\/media\/8147"}],"wp:attachment":[{"href":"https:\/\/www.actualidadadiario.com\/index.php\/wp-json\/wp\/v2\/media?parent=8146"}],"wp:term":[{"taxonomy":"category","embeddable":true,"href":"https:\/\/www.actualidadadiario.com\/index.php\/wp-json\/wp\/v2\/categories?post=8146"},{"taxonomy":"post_tag","embeddable":true,"href":"https:\/\/www.actualidadadiario.com\/index.php\/wp-json\/wp\/v2\/tags?post=8146"}],"curies":[{"name":"wp","href":"https:\/\/api.w.org\/{rel}","templated":true}]}}