{"id":8140,"date":"2017-03-08T10:42:11","date_gmt":"2017-03-08T13:42:11","guid":{"rendered":"http:\/\/actualidadadiario.com\/site\/?p=8140"},"modified":"2017-03-08T10:42:11","modified_gmt":"2017-03-08T13:42:11","slug":"la-decision-de-los-jugadores-de-primera-se-postergo-para-este-miercoles","status":"publish","type":"post","link":"https:\/\/www.actualidadadiario.com\/index.php\/2017\/03\/08\/la-decision-de-los-jugadores-de-primera-se-postergo-para-este-miercoles\/","title":{"rendered":"La decisi\u00f3n de los jugadores de Primera se posterg\u00f3 para este mi\u00e9rcoles"},"content":{"rendered":"<p><em><strong>Los capitanes de los principales clubes de Primera Divisi\u00f3n se reunieron durante dos horas y media en la sede del gremio &#8220;para tratar la situaci\u00f3n de los distintos planteles&#8221;, pero no se lleg\u00f3 a una definici\u00f3n. &#8220;Hoy no se puede definir nada&#8221;, manifest\u00f3 Nicol\u00e1s Tagliafico, quien inform\u00f3 que este mi\u00e9rcoles volver\u00e1n a juntarse<\/strong><\/em><\/p>\n<p>&nbsp;<\/p>\n<p>&nbsp;<\/p>\n<p>&nbsp;<\/p>\n<p>&nbsp;<\/p>\n<p>&nbsp;<\/p>\n<p>La nueva reuni\u00f3n que los capitanes de los equipos de Primera tuvieron esta tarde en la sede del gremio de los futbolistas no tuvo una definici\u00f3n. A la salida de la misma, los protagonistas declararon que a\u00fan &#8220;falta plata&#8221; para los colegas del Ascenso y que este mi\u00e9rcoles &#8220;habr\u00e1 una nueva reuni\u00f3n&#8221;.<\/p>\n<p>&nbsp;<\/p>\n<p>&#8220;Al principio serv\u00eda una semana m\u00e1s, pero ya est\u00e1 siendo hora de arrancar a jugar para tener nivel de competencia. Nosotros queremos jugar cuanto antes, m\u00e1s que nada por todo este tiempo que llevamos parados&#8221;, manifest\u00f3 a la salida del c\u00f3nclave Nicol\u00e1s Tagliafico, capit\u00e1n de Independiente.<\/p>\n<p>&nbsp;<\/p>\n<p>Marchi sostuvo que lo que FAA pretende es que los clubes &#8220;cumplan con las necesidades de los futbolistas y por eso, en la medida que estas no se satisfagan, el cese de actividades continuar\u00e1&#8221;. Por \u00faltimo, avis\u00f3: &#8220;As\u00ed, que vuelva el f\u00fatbol depender\u00e1 de que los dirigentes salden las deudas&#8221;.<\/p>\n","protected":false},"excerpt":{"rendered":"<p>Los capitanes de los principales clubes de Primera Divisi\u00f3n se reunieron durante dos horas y media en la sede del gremio &#8220;para tratar la situaci\u00f3n de los distintos planteles&#8221;, pero no se lleg\u00f3 a una definici\u00f3n. &#8220;Hoy no se puede definir nada&#8221;, manifest\u00f3 Nicol\u00e1s Tagliafico, quien inform\u00f3 que este mi\u00e9rcoles volver\u00e1n a juntarse &nbsp; &nbsp; &nbsp; &nbsp; &nbsp; La nueva reuni\u00f3n que los capitanes de los equipos de Primera tuvieron esta tarde en la sede del gremio de los futbolistas no tuvo una definici\u00f3n. A la salida de la misma,&#8230;<\/p>\n","protected":false},"author":3,"featured_media":8141,"comment_status":"closed","ping_status":"closed","sticky":false,"template":"","format":"standard","meta":[],"categories":[4],"tags":[],"_links":{"self":[{"href":"https:\/\/www.actualidadadiario.com\/index.php\/wp-json\/wp\/v2\/posts\/8140"}],"collection":[{"href":"https:\/\/www.actualidadadiario.com\/index.php\/wp-json\/wp\/v2\/posts"}],"about":[{"href":"https:\/\/www.actualidadadiario.com\/index.php\/wp-json\/wp\/v2\/types\/post"}],"author":[{"embeddable":true,"href":"https:\/\/www.actualidadadiario.com\/index.php\/wp-json\/wp\/v2\/users\/3"}],"replies":[{"embeddable":true,"href":"https:\/\/www.actualidadadiario.com\/index.php\/wp-json\/wp\/v2\/comments?post=8140"}],"version-history":[{"count":1,"href":"https:\/\/www.actualidadadiario.com\/index.php\/wp-json\/wp\/v2\/posts\/8140\/revisions"}],"predecessor-version":[{"id":8142,"href":"https:\/\/www.actualidadadiario.com\/index.php\/wp-json\/wp\/v2\/posts\/8140\/revisions\/8142"}],"wp:featuredmedia":[{"embeddable":true,"href":"https:\/\/www.actualidadadiario.com\/index.php\/wp-json\/wp\/v2\/media\/8141"}],"wp:attachment":[{"href":"https:\/\/www.actualidadadiario.com\/index.php\/wp-json\/wp\/v2\/media?parent=8140"}],"wp:term":[{"taxonomy":"category","embeddable":true,"href":"https:\/\/www.actualidadadiario.com\/index.php\/wp-json\/wp\/v2\/categories?post=8140"},{"taxonomy":"post_tag","embeddable":true,"href":"https:\/\/www.actualidadadiario.com\/index.php\/wp-json\/wp\/v2\/tags?post=8140"}],"curies":[{"name":"wp","href":"https:\/\/api.w.org\/{rel}","templated":true}]}}