{"id":8137,"date":"2017-03-08T10:41:26","date_gmt":"2017-03-08T13:41:26","guid":{"rendered":"http:\/\/actualidadadiario.com\/site\/?p=8137"},"modified":"2017-03-08T10:41:26","modified_gmt":"2017-03-08T13:41:26","slug":"mujeres-argentinas-entre-las-que-mas-creen-en-igualdad-de-genero","status":"publish","type":"post","link":"https:\/\/www.actualidadadiario.com\/index.php\/2017\/03\/08\/mujeres-argentinas-entre-las-que-mas-creen-en-igualdad-de-genero\/","title":{"rendered":"Mujeres argentinas, entre las que m\u00e1s creen en igualdad de g\u00e9nero"},"content":{"rendered":"<p><em><strong>En el marco del D\u00eda Internacional de la mujer, por primera vez en la historia habr\u00e1 un paro de mujeres en 40 pa\u00edses. El reclamo es por los femicidios y el aborto legal<\/strong><\/em><\/p>\n<p>&nbsp;<\/p>\n<p>&nbsp;<\/p>\n<p>&nbsp;<\/p>\n<p>&nbsp;<\/p>\n<p>Las mujeres argentinas se ubican entre las m\u00e1s seguras en materia de igualdad, ya que el 64% de ellas cree que deber\u00edan tener las mismas oportunidades que sus pares del sexo masculino. En el otro extremo se encuentran las espa\u00f1olas, que son las m\u00e1s pesimistas e insatisfechas con respecto a su situaci\u00f3n de igualdad con los hombres.<\/p>\n<p>&nbsp;<\/p>\n<p>Los datos surgen del estudio &#8220;Feminismo e Igualdad de G\u00e9nero en el Mundo&#8221; difundido por la consultora internacional Ipsos. El informe realizado en 24 pa\u00edses y publicado ayer, en la v\u00edspera del D\u00eda Internacional de la Mujer, refleja que s\u00f3lo un 23% de las espa\u00f1olas cree que en Espa\u00f1a &#8220;hay igualdad de oportunidades entre hombres y mujeres a la hora de alcanzar sus sue\u00f1os o aspiraciones&#8221;, el top tres lo completan Jap\u00f3n (33%) y Corea del Sur (36%).<\/p>\n<p>&nbsp;<\/p>\n<p>Entre las que se muestran m\u00e1s positivas y creen que en sus pa\u00edses hay igualdad de oportunidades para hombres y mujeres se encuentra M\u00e9xico (56%), Argentina (64) y Per\u00fa (76%). Aunque las mujeres m\u00e1s confiadas de s\u00ed mismas se encuentran en Rusia (88%).<\/p>\n<p>&nbsp;<\/p>\n<p>Si bien la Argentina se ubica dentro de los pa\u00edses menos machistas, hay muchas pol\u00edticas que mejorar y temas que abordar, entre ellos la cantidad de femicidios que se acrecientan con el paso de los a\u00f1os. Es por eso que hoy se realizar\u00e1 por primera vez un paro internacional de mujeres de m\u00e1s de 40 pa\u00edses de todos los continentes.<\/p>\n<p>&nbsp;<\/p>\n<p>&#8220;No hubo en la historia nada parecido; hubo marchas de mujeres trabajadoras en m\u00faltiples pa\u00edses, hubo marchas por el derecho al aborto, contra los femicidios, pero \u00e9sta es un convocatoria de escala mundial con una fuerza y vigencia in\u00e9ditas&#8221;, se\u00f1al\u00f3 la psic\u00f3loga y especialista en g\u00e9nero Eva Giberti, directora del programa &#8220;Las V\u00edctimas Contra las Violencias&#8221;, del Ministerio de Justicia y Derechos Humanos de la Naci\u00f3n.<\/p>\n<p>&nbsp;<\/p>\n<p>El Paro Internacional de Mujeres (PIM) es una iniciativa que se gest\u00f3 al calor de la lucha contra las m\u00faltiples formas de violencia, producto de la cultura patriarcal y machista de las que los femicidios manifiestan su m\u00e1xima expresi\u00f3n, y que tuvo como pilar un reciente paro de mujeres de Polonia, la movilizaci\u00f3n de mujeres contra el presidente de Estados Unidos, Donald Trump, apenas asumi\u00f3 y el &#8220;Ni Una Menos&#8221; local.<\/p>\n<p>&nbsp;<\/p>\n<p>En la Argentina son ocho las consignas reunidas en estas afirmaciones y reclamos: &#8220;Paramos porque somos parte de la historia colectiva, hacemos visible el mapa del trabajo en clave feminista, exigimos aborto legal, seguro y gratuito; defendemos las disidencias sexuales y de g\u00e9nero. Paramos para decir basta a las violencias y femicidios, para denunciar que el Estado es responsable y para exigir un Estado laico. Paramos y construimos el movimiento de mujeres como sujeto pol\u00edtico&#8221;.<\/p>\n<p>&nbsp;<\/p>\n<p>Si bien cada gremio y colectivo defini\u00f3 c\u00f3mo llevar\u00e1 adelante la medida de fuerza, en la Ciudad de Buenos Aires existe una convocatoria a las 12 a realizar un ruidazo en el lugar donde se encuentren las mujeres y a las 17 a movilizarse desde el Congreso a Plaza de Mayo.<\/p>\n<p>&nbsp;<\/p>\n<p>En mayo de 2015, tras la difusi\u00f3n del femicidio de Chiara P\u00e1ez, una adolescente embarazada que fue asesinada a golpes por su novio en la localidad santafesina de Rufino, un grupo de periodistas dieron un grito de Ya Basta en las redes que se convirti\u00f3 en una multitudinaria manifestaci\u00f3n el 3 de junio con la consigna &#8220;Ni Una Menos&#8221;.<\/p>\n<p>&nbsp;<\/p>\n<p>Un a\u00f1o despu\u00e9s, la marcha se repiti\u00f3 el 3 de junio, pero cuatro meses m\u00e1s tarde el caso de Luc\u00eda P\u00e1ez, otra adolescente que muri\u00f3 tras ser violada y empalada, gener\u00f3 una reacci\u00f3n in\u00e9dita: las mujeres argentinas realizaron un paro nacional con movilizaci\u00f3n el 19 de octubre.<\/p>\n","protected":false},"excerpt":{"rendered":"<p>En el marco del D\u00eda Internacional de la mujer, por primera vez en la historia habr\u00e1 un paro de mujeres en 40 pa\u00edses. El reclamo es por los femicidios y el aborto legal &nbsp; &nbsp; &nbsp; &nbsp; Las mujeres argentinas se ubican entre las m\u00e1s seguras en materia de igualdad, ya que el 64% de ellas cree que deber\u00edan tener las mismas oportunidades que sus pares del sexo masculino. En el otro extremo se encuentran las espa\u00f1olas, que son las m\u00e1s pesimistas e insatisfechas con respecto a su situaci\u00f3n de&#8230;<\/p>\n","protected":false},"author":3,"featured_media":8138,"comment_status":"closed","ping_status":"closed","sticky":false,"template":"","format":"standard","meta":[],"categories":[4],"tags":[],"_links":{"self":[{"href":"https:\/\/www.actualidadadiario.com\/index.php\/wp-json\/wp\/v2\/posts\/8137"}],"collection":[{"href":"https:\/\/www.actualidadadiario.com\/index.php\/wp-json\/wp\/v2\/posts"}],"about":[{"href":"https:\/\/www.actualidadadiario.com\/index.php\/wp-json\/wp\/v2\/types\/post"}],"author":[{"embeddable":true,"href":"https:\/\/www.actualidadadiario.com\/index.php\/wp-json\/wp\/v2\/users\/3"}],"replies":[{"embeddable":true,"href":"https:\/\/www.actualidadadiario.com\/index.php\/wp-json\/wp\/v2\/comments?post=8137"}],"version-history":[{"count":1,"href":"https:\/\/www.actualidadadiario.com\/index.php\/wp-json\/wp\/v2\/posts\/8137\/revisions"}],"predecessor-version":[{"id":8139,"href":"https:\/\/www.actualidadadiario.com\/index.php\/wp-json\/wp\/v2\/posts\/8137\/revisions\/8139"}],"wp:featuredmedia":[{"embeddable":true,"href":"https:\/\/www.actualidadadiario.com\/index.php\/wp-json\/wp\/v2\/media\/8138"}],"wp:attachment":[{"href":"https:\/\/www.actualidadadiario.com\/index.php\/wp-json\/wp\/v2\/media?parent=8137"}],"wp:term":[{"taxonomy":"category","embeddable":true,"href":"https:\/\/www.actualidadadiario.com\/index.php\/wp-json\/wp\/v2\/categories?post=8137"},{"taxonomy":"post_tag","embeddable":true,"href":"https:\/\/www.actualidadadiario.com\/index.php\/wp-json\/wp\/v2\/tags?post=8137"}],"curies":[{"name":"wp","href":"https:\/\/api.w.org\/{rel}","templated":true}]}}