{"id":797,"date":"2016-09-08T10:05:04","date_gmt":"2016-09-08T13:05:04","guid":{"rendered":"http:\/\/actualidadadiario.com\/site\/?p=797"},"modified":"2016-09-08T10:05:04","modified_gmt":"2016-09-08T13:05:04","slug":"allanaron-la-fundacion-de-michetti-y-no-encontraron-libros-contables","status":"publish","type":"post","link":"https:\/\/www.actualidadadiario.com\/index.php\/2016\/09\/08\/allanaron-la-fundacion-de-michetti-y-no-encontraron-libros-contables\/","title":{"rendered":"Allanaron la Fundaci\u00f3n de Michetti y no encontraron libros contables"},"content":{"rendered":"<p><em><strong>El juez federal Ariel Lijo orden\u00f3 un operativo en la sede de la Fundaci\u00f3n SUMA, que preside la vicepresidenta de la Naci\u00f3n, Gabriela Michetti<\/strong><\/em><\/p>\n<p>&nbsp;<\/p>\n<p>&nbsp;<\/p>\n<p>&nbsp;<\/p>\n<p>La actual vicepresidenta de la Naci\u00f3n es investigada por la procedencia de los fondos que le robaron en su domicilio particular en noviembre del a\u00f1o pasado. Es por eso que Lijo orden\u00f3 un operativo en la sede de su fundaci\u00f3n.<br \/>\nSeg\u00fan inform\u00f3 la Inspecci\u00f3n General de Justicia existen libros contables de dicha entidad que nunca fueron presentados ante este organismo y esta justamente es la causa para el operativo interpuesto por el juez.<br \/>\nTras el procedimiento se inform\u00f3 que no se hall\u00f3 la documentaci\u00f3n buscada y la causa, seg\u00fan adujeron autoridades de la Fundaci\u00f3n, es que est\u00e1n en poder del contador. Se comprometieron en llevarlos al juzgado este jueves.<br \/>\nPor otra parte, Lijo recibi\u00f3 las declaraciones juradas que envi\u00f3 la AFIP. El resultado: la Fundaci\u00f3n recibi\u00f3 $ 4.100.000 en donaciones.<br \/>\nLo que sigue es saber si esos fondos estaban bancarizados o no. Cabe remarcar que en la causa se encuentran bajo la lupa varias fundaciones vinculadas a la dirigente del PRO: &#8220;Fundar seguridad y justicia&#8221;; &#8220;Crecer y crecer&#8221; y &#8220;Formar&#8221;, adem\u00e1s de &#8220;Suma&#8221;.<br \/>\nMichetti es investigada luego de que se iniciara una causa penal en su contra por el origen supuestamente dudoso de 245.000 pesos y 50 mil d\u00f3lares que le robaron de su casa particular en noviembre pasado.<br \/>\nLa denuncia fue realizada por el abogado Leonardo Mart\u00ednez Herrero y los diputados Rodolfo Thailade y Juan Cabandie y por la cual est\u00e1 acusado un integrante de su custodia, David Juan Pablo Cruzado.<br \/>\nLa vicepresidenta declar\u00f3 que los 200 mil pesos eran de una donaci\u00f3n que recibi\u00f3 la Fundaci\u00f3n SUMA; que 45 mil eran para pagar una refacci\u00f3n en su casa; y que los 50 mil d\u00f3lares le hab\u00edan sido prestados por su pareja Juan Mart\u00edn Tonelli Banfi.<\/p>\n","protected":false},"excerpt":{"rendered":"<p>El juez federal Ariel Lijo orden\u00f3 un operativo en la sede de la Fundaci\u00f3n SUMA, que preside la vicepresidenta de la Naci\u00f3n, Gabriela Michetti &nbsp; &nbsp; &nbsp; La actual vicepresidenta de la Naci\u00f3n es investigada por la procedencia de los fondos que le robaron en su domicilio particular en noviembre del a\u00f1o pasado. Es por eso que Lijo orden\u00f3 un operativo en la sede de su fundaci\u00f3n. Seg\u00fan inform\u00f3 la Inspecci\u00f3n General de Justicia existen libros contables de dicha entidad que nunca fueron presentados ante este organismo y esta justamente&#8230;<\/p>\n","protected":false},"author":3,"featured_media":798,"comment_status":"closed","ping_status":"closed","sticky":false,"template":"","format":"standard","meta":[],"categories":[18],"tags":[],"_links":{"self":[{"href":"https:\/\/www.actualidadadiario.com\/index.php\/wp-json\/wp\/v2\/posts\/797"}],"collection":[{"href":"https:\/\/www.actualidadadiario.com\/index.php\/wp-json\/wp\/v2\/posts"}],"about":[{"href":"https:\/\/www.actualidadadiario.com\/index.php\/wp-json\/wp\/v2\/types\/post"}],"author":[{"embeddable":true,"href":"https:\/\/www.actualidadadiario.com\/index.php\/wp-json\/wp\/v2\/users\/3"}],"replies":[{"embeddable":true,"href":"https:\/\/www.actualidadadiario.com\/index.php\/wp-json\/wp\/v2\/comments?post=797"}],"version-history":[{"count":1,"href":"https:\/\/www.actualidadadiario.com\/index.php\/wp-json\/wp\/v2\/posts\/797\/revisions"}],"predecessor-version":[{"id":799,"href":"https:\/\/www.actualidadadiario.com\/index.php\/wp-json\/wp\/v2\/posts\/797\/revisions\/799"}],"wp:featuredmedia":[{"embeddable":true,"href":"https:\/\/www.actualidadadiario.com\/index.php\/wp-json\/wp\/v2\/media\/798"}],"wp:attachment":[{"href":"https:\/\/www.actualidadadiario.com\/index.php\/wp-json\/wp\/v2\/media?parent=797"}],"wp:term":[{"taxonomy":"category","embeddable":true,"href":"https:\/\/www.actualidadadiario.com\/index.php\/wp-json\/wp\/v2\/categories?post=797"},{"taxonomy":"post_tag","embeddable":true,"href":"https:\/\/www.actualidadadiario.com\/index.php\/wp-json\/wp\/v2\/tags?post=797"}],"curies":[{"name":"wp","href":"https:\/\/api.w.org\/{rel}","templated":true}]}}