{"id":793,"date":"2016-09-07T09:52:51","date_gmt":"2016-09-07T12:52:51","guid":{"rendered":"http:\/\/actualidadadiario.com\/site\/?p=793"},"modified":"2016-09-07T09:52:51","modified_gmt":"2016-09-07T12:52:51","slug":"dura-respuesta-de-galmarini-a-macri-todos-tenemos-que-aprender-a-dialogar","status":"publish","type":"post","link":"https:\/\/www.actualidadadiario.com\/index.php\/2016\/09\/07\/dura-respuesta-de-galmarini-a-macri-todos-tenemos-que-aprender-a-dialogar\/","title":{"rendered":"Dura respuesta de Galmarini a Macri: &#8220;Todos tenemos que aprender a dialogar&#8221;"},"content":{"rendered":"<p><em><strong>La dirigente del Frente Renovador cuestion\u00f3 al Presidente por criticar el proyecto de Sergio Massa para suspender las importaciones por 120 d\u00edas<\/strong><\/em><\/p>\n<p>&nbsp;<\/p>\n<p>&nbsp;<\/p>\n<p>Malena Galmarini sali\u00f3 a responderle al presidente\u00a0Mauricio Macri\u00a0por criticar el proyecto de ley de Sergio Massa\u00a0para suspender las importaciones por 120 d\u00edas. &#8220;Todos debemos aprender a dialogar&#8221;, afirm\u00f3 la dirigente del Frente Renovador.<\/p>\n<p>&nbsp;<\/p>\n<p>En di\u00e1logo con Letra P, Galmarini cruz\u00f3 a Macri luego de que \u00e9ste dijera que &#8220;hablar por hablar hace mucho mal&#8221; y que Massa &#8220;deber\u00eda manejarse con n\u00fameros, estad\u00edsticas serias&#8221;. Las palabras del Presidente fueron expresadas en relaci\u00f3n a la iniciativa de Massa para limitar las importaciones con el fin de preservar la industria nacional.<\/p>\n<p>&nbsp;<\/p>\n<p>Galmarini contest\u00f3: &#8220;Todos debemos aprender a dialogar y el di\u00e1logo no es solamente &#8216;yo digo y vos escuch\u00e1s y despu\u00e9s acompa\u00f1\u00e1s lo que yo creo&#8217;. El di\u00e1logo significa &#8216;yo digo lo que me parece, vos dec\u00eds lo que te parece&#8217; y en conjunto llegamos a consensos que nos den un mejor resultado&#8221;.<\/p>\n<p>&nbsp;<\/p>\n<p>La secretaria de Pol\u00edtica Sanitaria y Desarrollo Humano del municipio de Tigre dijo que con el proyecto del Frente Renovador para suspender las importaciones no est\u00e1n &#8220;queriendo poner palos en la rueda ni mucho menos&#8221;. Y ahond\u00f3: &#8220;Lo que estamos queriendo es poder conversar sobre aquellas medidas que, a lo mejor sin darse cuenta, ellos est\u00e1n tomando y le hacen mal a la gente&#8221;.<\/p>\n","protected":false},"excerpt":{"rendered":"<p>La dirigente del Frente Renovador cuestion\u00f3 al Presidente por criticar el proyecto de Sergio Massa para suspender las importaciones por 120 d\u00edas &nbsp; &nbsp; Malena Galmarini sali\u00f3 a responderle al presidente\u00a0Mauricio Macri\u00a0por criticar el proyecto de ley de Sergio Massa\u00a0para suspender las importaciones por 120 d\u00edas. &#8220;Todos debemos aprender a dialogar&#8221;, afirm\u00f3 la dirigente del Frente Renovador. &nbsp; En di\u00e1logo con Letra P, Galmarini cruz\u00f3 a Macri luego de que \u00e9ste dijera que &#8220;hablar por hablar hace mucho mal&#8221; y que Massa &#8220;deber\u00eda manejarse con n\u00fameros, estad\u00edsticas serias&#8221;. Las palabras&#8230;<\/p>\n","protected":false},"author":3,"featured_media":794,"comment_status":"closed","ping_status":"closed","sticky":false,"template":"","format":"standard","meta":[],"categories":[18],"tags":[],"_links":{"self":[{"href":"https:\/\/www.actualidadadiario.com\/index.php\/wp-json\/wp\/v2\/posts\/793"}],"collection":[{"href":"https:\/\/www.actualidadadiario.com\/index.php\/wp-json\/wp\/v2\/posts"}],"about":[{"href":"https:\/\/www.actualidadadiario.com\/index.php\/wp-json\/wp\/v2\/types\/post"}],"author":[{"embeddable":true,"href":"https:\/\/www.actualidadadiario.com\/index.php\/wp-json\/wp\/v2\/users\/3"}],"replies":[{"embeddable":true,"href":"https:\/\/www.actualidadadiario.com\/index.php\/wp-json\/wp\/v2\/comments?post=793"}],"version-history":[{"count":1,"href":"https:\/\/www.actualidadadiario.com\/index.php\/wp-json\/wp\/v2\/posts\/793\/revisions"}],"predecessor-version":[{"id":795,"href":"https:\/\/www.actualidadadiario.com\/index.php\/wp-json\/wp\/v2\/posts\/793\/revisions\/795"}],"wp:featuredmedia":[{"embeddable":true,"href":"https:\/\/www.actualidadadiario.com\/index.php\/wp-json\/wp\/v2\/media\/794"}],"wp:attachment":[{"href":"https:\/\/www.actualidadadiario.com\/index.php\/wp-json\/wp\/v2\/media?parent=793"}],"wp:term":[{"taxonomy":"category","embeddable":true,"href":"https:\/\/www.actualidadadiario.com\/index.php\/wp-json\/wp\/v2\/categories?post=793"},{"taxonomy":"post_tag","embeddable":true,"href":"https:\/\/www.actualidadadiario.com\/index.php\/wp-json\/wp\/v2\/tags?post=793"}],"curies":[{"name":"wp","href":"https:\/\/api.w.org\/{rel}","templated":true}]}}