{"id":79251,"date":"2021-11-01T14:12:26","date_gmt":"2021-11-01T17:12:26","guid":{"rendered":"https:\/\/www.actualidadadiario.com\/?p=79251"},"modified":"2021-11-01T14:12:26","modified_gmt":"2021-11-01T17:12:26","slug":"el-documento-final-del-g-20-incluye-el-reclamo-argentino-para-que-se-revisen-los-sobrecargos-del-fmi","status":"publish","type":"post","link":"https:\/\/www.actualidadadiario.com\/index.php\/2021\/11\/01\/el-documento-final-del-g-20-incluye-el-reclamo-argentino-para-que-se-revisen-los-sobrecargos-del-fmi\/","title":{"rendered":"El documento final del G-20 incluye el reclamo argentino para que se revisen los sobrecargos del FMI"},"content":{"rendered":"<p style=\"text-align: center;\"><em><strong>Tambi\u00e9n le pide al organismo que establezca un \u201cfondo de resiliencia\u201d a repartir entre pa\u00edses pobres y de renta media con problemas de deuda, como es el caso de la Argentina<\/strong><\/em><\/p>\n<p>&nbsp;<\/p>\n<p>&nbsp;<\/p>\n<p>El documento final de la cumbre de l\u00edderes del G-20 que sesiona en Roma, Italia, incluye dos planteos del gobierno argentino: mantiene la discusi\u00f3n en torno a los sobrecargos que cobra el FMI y le pide al organismo que establezca un \u201cfondo de resiliencia\u201d a repartir entre pa\u00edses pobres y de renta media con problemas de deuda, como es el caso de la Argentina. \u201cNuestros ministros de Finanzas esperan con inter\u00e9s que se siga debatiendo la pol\u00edtica de sobrecargos en el Directorio del FMI en el contexto de la revisi\u00f3n intermedia de los saldos precautorios\u201d, se\u00f1ala el apartado del documento final del G-20 m\u00e1s buscado por el Gobierno.<\/p>\n<p>Se trata del planteo que trajo a Roma el presidente Alberto Fern\u00e1ndez y que viene sosteniendo el ministro de Econom\u00eda, Mart\u00edn Guzm\u00e1n, en medio de las negociaciones con el FMI para refinanciar los pagos de la deuda con el organismo, antes de que el a\u00f1o que viene venzan 19.100 millones de d\u00f3lares con los que el pa\u00eds no cuenta. \u201cCon este texto del G-20 logramos el objetivo de mantener abierto el debate, pero ahora la decisi\u00f3n corresponde al board del FMI\u201d, dijo a LA NACION un funcionario argentino que estuvo involucrado en la redacci\u00f3n del documento final de la cumbre, que concluye este domingo en el palacio La Nuvola, de las afueras de la capital italiana.<\/p>\n<p>\u201cTambi\u00e9n pedimos al FMI que establezca un nuevo Fondo de Resiliencia y Sostenibilidad (RST, por sus siglas en ingl\u00e9s) -en l\u00ednea con su mandato- para proporcionar financiaci\u00f3n asequible a largo plazo para ayudar a los pa\u00edses de ingreso bajo, a los peque\u00f1os estados insulares en desarrollo y a los pa\u00edses vulnerables de ingresos medios a reducir los riesgos para la estabilidad de la balanza de pagos futuros, incluidos aquellos derivados de las pandemias y el cambio clim\u00e1tico\u201d, agrega el documento final de la cumbre.<\/p>\n<p>En el texto, los pa\u00edses m\u00e1s industrializados del mundo, junto a los que est\u00e1n en v\u00edas de desarrollo como la Argentina, tambi\u00e9n pidieron que haya una \u201ccanalizaci\u00f3n voluntaria\u201d de los Derechos Especiales de Giro (DEG) del Fondo Monetario. El organismo a\u00fan tiene pendiente de reparto unos 45.000 millones de d\u00f3lares que no utilizaron los pa\u00edses ricos.<\/p>\n<p>\u201cAcogemos con satisfacci\u00f3n la nueva asignaci\u00f3n general de Derechos Especiales de Giro (DEG), implementada por el Fondo Monetario Internacional (FMI) el 23 de agosto de 2021, que ha puesto a disposici\u00f3n el equivalente a 650.000 millones de d\u00f3lares en reservas adicionales a nivel mundial\u201d, se\u00f1ala el documento en ese punto, para agregar: \u201cEstamos trabajando en opciones para que los miembros con fuertes posiciones externas ampl\u00eden significativamente su impacto a trav\u00e9s de la canalizaci\u00f3n voluntaria de parte de los DEG asignados para ayudar a los pa\u00edses vulnerables, de acuerdo con las leyes y regulaciones nacionales\u201d.<\/p>\n<p>Antes de dejar Roma y partir hacia Glasgow, Escocia, Fern\u00e1ndez se reuni\u00f3 con Jeffrey Sachs, un reconocido economista estadounidense que se convirti\u00f3 en una voz global contra el capitalismo salvaje y que es un referente del ministro Guzm\u00e1n, junto al premio Nobel de la Paz Joseph Stiglitz.<\/p>\n<p>&nbsp;<\/p>\n<p><strong>El discurso de Alberto<\/strong><\/p>\n<p>Fern\u00e1ndez utiliz\u00f3 el primero de los dos discursos que dar\u00e1 este domingo ante la cumbre de l\u00edderes del G-20 para reclamar que se avance en \u201cacuerdos sostenibles en materia de deuda externa\u201d, que contemplen menores tasas de inter\u00e9s y plazos de pago m\u00e1s extensos, demandas que su administraci\u00f3n puso sobre la mesa de negociaciones con el FMI.<\/p>\n<p>El Presidente plante\u00f3 la necesidad de instrumentar \u201ccanjes de deuda por acci\u00f3n clim\u00e1tica\u201d, ya que a su criterio \u201cla justicia ambiental requiere justicia financiera global\u201d y no se conseguir\u00e1 \u201csin financiamiento sostenible\u201d. \u201cLa justicia ambiental requiere justicia financiera global. Sin financiamiento sostenible no habr\u00e1 desarrollo sostenible. Los recursos para la implementaci\u00f3n del Acuerdo de Par\u00eds siguen siendo insuficientes, especialmente para los pa\u00edses m\u00e1s desfavorecidos. Son los pa\u00edses desarrollados quienes m\u00e1s se beneficiaron del uso intensivo de los recursos ambientales del planeta durante los \u00faltimos siglos\u201d, advirti\u00f3 Fern\u00e1ndez en Roma.<\/p>\n<p>En la misma l\u00ednea, consider\u00f3 \u201cesencial el concepto de responsabilidades comunes pero diferenciadas\u201d, porque \u201clos pa\u00edses que produjeron la mayor huella ambiental son los mismos que dominan las tecnolog\u00edas que pueden reducir el impacto de la producci\u00f3n sobre el medio ambiente\u201d. No obstante, Fern\u00e1ndez remarc\u00f3 que otras regiones, como Latinoam\u00e9rica, y dentro de ella para los pa\u00edses \u201cen desarrollo y de renta media\u201d, como defini\u00f3 a la Argentina.<\/p>\n<p>\u201cPara nosotros el impacto de esta transici\u00f3n puede ser negativo en t\u00e9rminos de cohesi\u00f3n social\u201d, advirti\u00f3 el mandatario y agreg\u00f3: \u201cAl mismo tiempo y dada la primarizaci\u00f3n de nuestras exportaciones, es imprescindible que las nuevas reglas ambientales est\u00e9n respaldadas en evidencia cient\u00edfica para que no constituyan una barrera injustificada al comercio\u201d, dijo y complet\u00f3: \u201cEl deterioro de la casa com\u00fan reclama revisar sus cimientos; no es suficiente con una renovaci\u00f3n cosm\u00e9tica\u201d.<\/p>\n<p>Fern\u00e1ndez cerr\u00f3 el discurso con una cita del Papa Francisco \u2013\u201dnadie se salva solo\u201d, advirti\u00f3- y dijo que \u201csin multi-lateralismo ambiental\u201d, el mundo estar\u00e1 \u201ccorriendo hacia el abismo\u201d. El Presidente concluy\u00f3: \u201cComo el general Per\u00f3n alguna vez lo se\u00f1alara para nuestra Argentina, al mundo lo salvamos entre todos, o al mundo no lo salva nadie\u201d.<\/p>\n","protected":false},"excerpt":{"rendered":"<p>Tambi\u00e9n le pide al organismo que establezca un \u201cfondo de resiliencia\u201d a repartir entre pa\u00edses pobres y de renta media con problemas de deuda, como es el caso de la Argentina &nbsp; &nbsp; El documento final de la cumbre de l\u00edderes del G-20 que sesiona en Roma, Italia, incluye dos planteos del gobierno argentino: mantiene la discusi\u00f3n en torno a los sobrecargos que cobra el FMI y le pide al organismo que establezca un \u201cfondo de resiliencia\u201d a repartir entre pa\u00edses pobres y de renta media con problemas de deuda,&#8230;<\/p>\n","protected":false},"author":3,"featured_media":79252,"comment_status":"closed","ping_status":"closed","sticky":false,"template":"","format":"standard","meta":[],"categories":[18],"tags":[],"_links":{"self":[{"href":"https:\/\/www.actualidadadiario.com\/index.php\/wp-json\/wp\/v2\/posts\/79251"}],"collection":[{"href":"https:\/\/www.actualidadadiario.com\/index.php\/wp-json\/wp\/v2\/posts"}],"about":[{"href":"https:\/\/www.actualidadadiario.com\/index.php\/wp-json\/wp\/v2\/types\/post"}],"author":[{"embeddable":true,"href":"https:\/\/www.actualidadadiario.com\/index.php\/wp-json\/wp\/v2\/users\/3"}],"replies":[{"embeddable":true,"href":"https:\/\/www.actualidadadiario.com\/index.php\/wp-json\/wp\/v2\/comments?post=79251"}],"version-history":[{"count":1,"href":"https:\/\/www.actualidadadiario.com\/index.php\/wp-json\/wp\/v2\/posts\/79251\/revisions"}],"predecessor-version":[{"id":79253,"href":"https:\/\/www.actualidadadiario.com\/index.php\/wp-json\/wp\/v2\/posts\/79251\/revisions\/79253"}],"wp:featuredmedia":[{"embeddable":true,"href":"https:\/\/www.actualidadadiario.com\/index.php\/wp-json\/wp\/v2\/media\/79252"}],"wp:attachment":[{"href":"https:\/\/www.actualidadadiario.com\/index.php\/wp-json\/wp\/v2\/media?parent=79251"}],"wp:term":[{"taxonomy":"category","embeddable":true,"href":"https:\/\/www.actualidadadiario.com\/index.php\/wp-json\/wp\/v2\/categories?post=79251"},{"taxonomy":"post_tag","embeddable":true,"href":"https:\/\/www.actualidadadiario.com\/index.php\/wp-json\/wp\/v2\/tags?post=79251"}],"curies":[{"name":"wp","href":"https:\/\/api.w.org\/{rel}","templated":true}]}}