{"id":79248,"date":"2021-11-01T14:11:35","date_gmt":"2021-11-01T17:11:35","guid":{"rendered":"https:\/\/www.actualidadadiario.com\/?p=79248"},"modified":"2021-11-01T14:11:35","modified_gmt":"2021-11-01T17:11:35","slug":"el-presidente-ya-participa-de-la-cumbre-de-lideres-del-cop26-dedicada-al-cambio-climatico","status":"publish","type":"post","link":"https:\/\/www.actualidadadiario.com\/index.php\/2021\/11\/01\/el-presidente-ya-participa-de-la-cumbre-de-lideres-del-cop26-dedicada-al-cambio-climatico\/","title":{"rendered":"El Presidente ya participa de la Cumbre de L\u00edderes del COP26, dedicada al cambio clim\u00e1tico"},"content":{"rendered":"<p style=\"text-align: center;\"><em><strong>El mandatario argentino asiste a este foro mundial con el objeto de reafirmar el compromiso de la Argentina de poner a la acci\u00f3n clim\u00e1tica y ambiental en el centro de las prioridades<\/strong><\/em><\/p>\n<p>&nbsp;<\/p>\n<p>&nbsp;<\/p>\n<p>El presidente participaba este lunes de la Cumbre de L\u00edderes de la 26\u00aa Conferencia de las Partes en la Convenci\u00f3n Marco de las Naciones Unidas sobre el Cambio Clim\u00e1tico (COP26), que se desarrolla en la ciudad escocesa de Glasgow, en el Reino Unido, hasta ma\u00f1ana.<\/p>\n<p>A su llegada al Scottish Event Campus, sede del evento, alrededor de las 7 (hora de la Argentina), el mandatario argentino fue recibido por el primer ministro del Reino Unido de Gran Breta\u00f1a e Irlanda del Norte, Boris Johnson, y por el secretario general de las Naciones Unidas, Ant\u00f3nio Guterres.<\/p>\n<p>Fern\u00e1ndez asiste a este foro mundial con el objeto de reafirmar el compromiso de la Argentina de poner a la acci\u00f3n clim\u00e1tica y ambiental en el centro de las prioridades, as\u00ed como la necesidad de avanzar en el principio de responsabilidades comunes pero diferenciadas para que los esfuerzos de reducci\u00f3n de emisiones tengan en cuenta las vulnerabilidades y diferentes capacidades que existen en los pa\u00edses en desarrollo.<\/p>\n<p>Al t\u00e9rmino de la ceremonia inaugural, a cargo del primer ministro brit\u00e1nico, Fern\u00e1ndez form\u00f3 parte de la sesi\u00f3n plenaria de la COP26, que se inici\u00f3 a las 10, para luego intervenir, a partir de las 11.30, en el encuentro de Alto Nivel sobre &#8220;Acci\u00f3n y Solidaridad: La D\u00e9cada Cr\u00edtica&#8221;, que es presidido por Johnson y por su par italiano, Mario Draghi.<\/p>\n<p>En un tiempo disponible durante el desarrollo de la Cumbre, el Presidente argentino tiene en agenda mantener sendos encuentros bilaterales con su par de la Rep\u00fablica de Costa Rica, Carlos Alvarado Quesada, a las 10; y con su par de Confederaci\u00f3n Suiza, Guy Parmelin, a las 11.<\/p>\n<p>A las 13, a su vez, siempre en horario de la Argentina, encabezar\u00e1 una reuni\u00f3n con empresarios; mientras que a las 13.45 compartir\u00e1 una reuni\u00f3n bilateral con la secretaria general de las Naciones Unidas sobre el Cambio Clim\u00e1tico, Patricia Espinosa.<\/p>\n<p>A partir de las 14 se trasladar\u00e1 junto a los restantes jefes de Estado y de Gobierno al Kelvingrove Art Gallery Museum, donde participar\u00e1 de la recepci\u00f3n ofrecida por el premier y posteriormente tendr\u00e1n lugar los discursos de bienvenida y la tradicional foto oficial.<\/p>\n<p>El Presidente est\u00e1 acompa\u00f1ado por la primera dama, Fabiola Ya\u00f1ez; los ministros de Relaciones Exteriores, Comercio Internacional y Culto, Santiago Cafiero; de Agricultura, Ganader\u00eda y Pesca, Juli\u00e1n Dom\u00ednguez; de Ambiente y Desarrollo Sostenible, Juan Cabandi\u00e9; y de Desarrollo Productivo, Mat\u00edas Kulfas; la secretaria de Relaciones Econ\u00f3micas Internacionales, Cecilia Todesca; el secretario General de la Presidencia, Julio Vitobello; el Jefe de Gabinete de Asesores, Juan Manuel Olmos; la portavoz de la Presidencia, Gabriela Cerruti; la asesora presidencial, Cecilia Nicolini; y el subsecretario de Comunicaci\u00f3n y Prensa, Marcelo Mart\u00edn.<\/p>\n<p>Fern\u00e1ndez lleg\u00f3 procedente de Roma, donde particip\u00f3 el fin de semana de la Cumbre de L\u00edderes del G20, que agrupa a las principales econom\u00edas del mundo.<\/p>\n<p>En Roma, el mandatario argentino desarroll\u00f3 una nutrida agenda que incluy\u00f3 dos exposiciones ante el plenario y reuniones bilaterales.<\/p>\n<p>Durante su participaci\u00f3n en la \u00faltima jornada de la Cumbre de L\u00edderes del G20, en el Centro de Convenciones La Nuvola de la capital italiana, expuso en las sesiones \u201cCambio Clim\u00e1tico y Medio Ambiente&#8221; y \u201cDesarrollo Sostenible\u201d, que se desarrollaron con el eje central puesto en la recuperaci\u00f3n global post pandemia.<\/p>\n<p>En el marco de esas intervenciones, tambi\u00e9n mantuvo reuniones bilaterales con la asesora especial del secretario general de las Naciones Unidas sobre Inclusi\u00f3n Financiera para el Desarrollo (UNSGSA), M\u00e1xima de los Pa\u00edses Bajos; con el primer ministro de Canad\u00e1, Justin Trudeau; y con el director general de la Organizaci\u00f3n Mundial de la Salud (OMS), el bi\u00f3logo et\u00edope Tedros Adhanom Ghebreyesus.<\/p>\n","protected":false},"excerpt":{"rendered":"<p>El mandatario argentino asiste a este foro mundial con el objeto de reafirmar el compromiso de la Argentina de poner a la acci\u00f3n clim\u00e1tica y ambiental en el centro de las prioridades &nbsp; &nbsp; El presidente participaba este lunes de la Cumbre de L\u00edderes de la 26\u00aa Conferencia de las Partes en la Convenci\u00f3n Marco de las Naciones Unidas sobre el Cambio Clim\u00e1tico (COP26), que se desarrolla en la ciudad escocesa de Glasgow, en el Reino Unido, hasta ma\u00f1ana. A su llegada al Scottish Event Campus, sede del evento, alrededor&#8230;<\/p>\n","protected":false},"author":3,"featured_media":79249,"comment_status":"closed","ping_status":"closed","sticky":false,"template":"","format":"standard","meta":[],"categories":[9],"tags":[],"_links":{"self":[{"href":"https:\/\/www.actualidadadiario.com\/index.php\/wp-json\/wp\/v2\/posts\/79248"}],"collection":[{"href":"https:\/\/www.actualidadadiario.com\/index.php\/wp-json\/wp\/v2\/posts"}],"about":[{"href":"https:\/\/www.actualidadadiario.com\/index.php\/wp-json\/wp\/v2\/types\/post"}],"author":[{"embeddable":true,"href":"https:\/\/www.actualidadadiario.com\/index.php\/wp-json\/wp\/v2\/users\/3"}],"replies":[{"embeddable":true,"href":"https:\/\/www.actualidadadiario.com\/index.php\/wp-json\/wp\/v2\/comments?post=79248"}],"version-history":[{"count":1,"href":"https:\/\/www.actualidadadiario.com\/index.php\/wp-json\/wp\/v2\/posts\/79248\/revisions"}],"predecessor-version":[{"id":79250,"href":"https:\/\/www.actualidadadiario.com\/index.php\/wp-json\/wp\/v2\/posts\/79248\/revisions\/79250"}],"wp:featuredmedia":[{"embeddable":true,"href":"https:\/\/www.actualidadadiario.com\/index.php\/wp-json\/wp\/v2\/media\/79249"}],"wp:attachment":[{"href":"https:\/\/www.actualidadadiario.com\/index.php\/wp-json\/wp\/v2\/media?parent=79248"}],"wp:term":[{"taxonomy":"category","embeddable":true,"href":"https:\/\/www.actualidadadiario.com\/index.php\/wp-json\/wp\/v2\/categories?post=79248"},{"taxonomy":"post_tag","embeddable":true,"href":"https:\/\/www.actualidadadiario.com\/index.php\/wp-json\/wp\/v2\/tags?post=79248"}],"curies":[{"name":"wp","href":"https:\/\/api.w.org\/{rel}","templated":true}]}}