{"id":79102,"date":"2021-10-28T15:01:40","date_gmt":"2021-10-28T18:01:40","guid":{"rendered":"https:\/\/www.actualidadadiario.com\/?p=79102"},"modified":"2021-10-28T15:01:40","modified_gmt":"2021-10-28T18:01:40","slug":"cabandie-presentara-un-proyecto-que-busca-una-gestion-ecologica-de-los-envases","status":"publish","type":"post","link":"https:\/\/www.actualidadadiario.com\/index.php\/2021\/10\/28\/cabandie-presentara-un-proyecto-que-busca-una-gestion-ecologica-de-los-envases\/","title":{"rendered":"Cabandi\u00e9 presentar\u00e1 un proyecto que busca una gesti\u00f3n ecol\u00f3gica de los envases"},"content":{"rendered":"<p style=\"text-align: center;\"><em><strong>La iniciativa apunta a promover la gesti\u00f3n de los envases en todo el territorio nacional, prevenir y reducir su impacto sobre el ambiente y la salud de las personas, y promover la responsabilidad de las y los productores en la gesti\u00f3n<\/strong><\/em><\/p>\n<p>&nbsp;<\/p>\n<p>&nbsp;<\/p>\n<p>El ministro de Ambiente y Desarrollo Sostenible, Juan Cabandi\u00e9, presentar\u00e1 este jueves en la C\u00e1mara de Diputados de un proyecto de ley que promueve una gesti\u00f3n ecol\u00f3gica de los envases en todo el pa\u00eds para &#8220;reducir su impacto sobre el medio ambiente&#8221; e integra en el proceso a los trabajadores que se dedican al reciclado.<\/p>\n<p>Se trata de la iniciativa de &#8220;Gesti\u00f3n Integral de Envases, Responsabilidad Extendida del Productor e Inclusi\u00f3n de Trabajadoras y Trabajadores Recicladores&#8221;, cuya presentaci\u00f3n se realizar\u00e1 durante la jornada en el Sal\u00f3n de los Pasos Perdidos.<\/p>\n<p>\u201cLa norma, sustentada sobre el principio de la responsabilidad extendida a las y los productores, va a servir sustancialmente a la tarea y la industria del reciclado y a ayudar a los municipios en sus pol\u00edticas de separaci\u00f3n en origen\u201d, asegur\u00f3 Cabandi\u00e9, seg\u00fan un comunicado de prensa.<\/p>\n<p>Adem\u00e1s, el titular de la cartera agreg\u00f3 que para la elaboraci\u00f3n del proyecto el Gobierno \u201ctrabaj\u00f3 con las distintas cooperativas y asociaciones&#8221;.<\/p>\n<p>La iniciativa apunta a promover la gesti\u00f3n de los envases en todo el territorio nacional, prevenir y reducir su impacto sobre el ambiente y la salud de las personas, y promover la responsabilidad de las y los productores en la gesti\u00f3n.<\/p>\n<p>Para acompa\u00f1ar la presentaci\u00f3n, la Federaci\u00f3n Argentina de Cartoneros, Carreros y Recicladores (Faccyr) marchar\u00e1 a las 10 desde el Obelisco al Congreso nacional.<\/p>\n<p>En un comunicado, desde la Faccyr destacaron que el proyecto &#8220;busca instar a las empresas a hacerse cargo del costo de reciclado de los envases que colocan en el mercado y fortalecer el trabajo de los cartoneros y cartoneras&#8221;.<\/p>\n","protected":false},"excerpt":{"rendered":"<p>La iniciativa apunta a promover la gesti\u00f3n de los envases en todo el territorio nacional, prevenir y reducir su impacto sobre el ambiente y la salud de las personas, y promover la responsabilidad de las y los productores en la gesti\u00f3n &nbsp; &nbsp; El ministro de Ambiente y Desarrollo Sostenible, Juan Cabandi\u00e9, presentar\u00e1 este jueves en la C\u00e1mara de Diputados de un proyecto de ley que promueve una gesti\u00f3n ecol\u00f3gica de los envases en todo el pa\u00eds para &#8220;reducir su impacto sobre el medio ambiente&#8221; e integra en el proceso&#8230;<\/p>\n","protected":false},"author":3,"featured_media":79103,"comment_status":"closed","ping_status":"closed","sticky":false,"template":"","format":"standard","meta":[],"categories":[18],"tags":[],"_links":{"self":[{"href":"https:\/\/www.actualidadadiario.com\/index.php\/wp-json\/wp\/v2\/posts\/79102"}],"collection":[{"href":"https:\/\/www.actualidadadiario.com\/index.php\/wp-json\/wp\/v2\/posts"}],"about":[{"href":"https:\/\/www.actualidadadiario.com\/index.php\/wp-json\/wp\/v2\/types\/post"}],"author":[{"embeddable":true,"href":"https:\/\/www.actualidadadiario.com\/index.php\/wp-json\/wp\/v2\/users\/3"}],"replies":[{"embeddable":true,"href":"https:\/\/www.actualidadadiario.com\/index.php\/wp-json\/wp\/v2\/comments?post=79102"}],"version-history":[{"count":1,"href":"https:\/\/www.actualidadadiario.com\/index.php\/wp-json\/wp\/v2\/posts\/79102\/revisions"}],"predecessor-version":[{"id":79104,"href":"https:\/\/www.actualidadadiario.com\/index.php\/wp-json\/wp\/v2\/posts\/79102\/revisions\/79104"}],"wp:featuredmedia":[{"embeddable":true,"href":"https:\/\/www.actualidadadiario.com\/index.php\/wp-json\/wp\/v2\/media\/79103"}],"wp:attachment":[{"href":"https:\/\/www.actualidadadiario.com\/index.php\/wp-json\/wp\/v2\/media?parent=79102"}],"wp:term":[{"taxonomy":"category","embeddable":true,"href":"https:\/\/www.actualidadadiario.com\/index.php\/wp-json\/wp\/v2\/categories?post=79102"},{"taxonomy":"post_tag","embeddable":true,"href":"https:\/\/www.actualidadadiario.com\/index.php\/wp-json\/wp\/v2\/tags?post=79102"}],"curies":[{"name":"wp","href":"https:\/\/api.w.org\/{rel}","templated":true}]}}