{"id":79082,"date":"2021-10-28T14:54:29","date_gmt":"2021-10-28T17:54:29","guid":{"rendered":"https:\/\/www.actualidadadiario.com\/?p=79082"},"modified":"2021-10-28T14:54:29","modified_gmt":"2021-10-28T17:54:29","slug":"la-afip-extendio-beneficios-para-contribuyentes-afectados-por-la-bajante-del-rio-parana","status":"publish","type":"post","link":"https:\/\/www.actualidadadiario.com\/index.php\/2021\/10\/28\/la-afip-extendio-beneficios-para-contribuyentes-afectados-por-la-bajante-del-rio-parana\/","title":{"rendered":"La AFIP extendi\u00f3 beneficios para contribuyentes afectados por la bajante del r\u00edo Paran\u00e1"},"content":{"rendered":"<p style=\"text-align: center;\"><em><strong>Las personas afectadas por la emergencia h\u00eddrica tendr\u00e1n tiempo hasta el 17 de diciembre para solicitar beneficios fiscales<\/strong><\/em><\/p>\n<p>&nbsp;<\/p>\n<p>&nbsp;<\/p>\n<p>La AFIP extendi\u00f3 hasta el 17 de diciembre el plazo para solicitar beneficios fiscales a los habitantes de las localidades afectadas por la bajante hist\u00f3rica del r\u00edo Paran\u00e1. La medida alcanza a las provincias de Formosa, Chaco, Corrientes, Santa Fe, Entre R\u00edos, Misiones y Buenos Aires y, seg\u00fan lo dispuesto, el Consejo Nacional para la Gesti\u00f3n Integral del Riesgo y la Protecci\u00f3n Civil ser\u00e1 el encargado de definir las localidades alcanzadas por la normativa.<\/p>\n<p>La medida forma parte de las herramientas previstas en el marco del Decreto 482\/2021, que declar\u00f3 el &#8220;estado de emergencia h\u00eddrica&#8221; para los sectores abarcados por la regi\u00f3n de la cuenca del Paran\u00e1. El vencimiento original para realizar las presentaciones era el 31 de octubre, pero la AFIP decidi\u00f3 postergarlo hasta el 17 de diciembre, a trav\u00e9s de la Resoluci\u00f3n General 5093\/21 publicada este jueves en el Bolet\u00edn Oficial.<\/p>\n<p>&#8220;Atento a que actualmente se encuentra pendiente la delimitaci\u00f3n de las \u00e1reas sujetas a la declaraci\u00f3n de &#8216;Estado de Emergencia H\u00eddrica&#8217;, por parte del Consejo Nacional para la Gesti\u00f3n Integral del Riesgo y la Protecci\u00f3n Civil y en l\u00ednea con el objetivo permanente de esta Administraci\u00f3n Federal de coadyuvar al cumplimiento de las obligaciones de los contribuyentes y\/o responsables, se estima conveniente extender hasta el 17 de diciembre de 2021, inclusive, el plazo para efectuar la solicitud de los beneficios&#8221;, seg\u00fan el texto oficial.<\/p>\n<p>La decisi\u00f3n contempla adem\u00e1s la suspensi\u00f3n de embargos y ejecuciones fiscales hasta el 1\u00b0 de febrero de 2022. La asistencia prevista por la AFIP contempla un plazo especial para el pago de los anticipos de los impuestos a las Ganancias, Bienes Personales e IVA, as\u00ed como para las obligaciones correspondientes a las contribuciones de la seguridad social, al r\u00e9gimen previsional de trabajadores aut\u00f3nomos y los monotributistas.<\/p>\n<p>Los vencimientos y pagos de las declaraciones juradas fijados entre el 27 de julio de 2021 y 31 de enero de 2022, se considerar\u00e1n cumplidos en t\u00e9rmino siempre que se efectivicen hasta el 24 de junio de 2022. En tanto, aquellos contribuyentes que hubieran optado por el pago mediante d\u00e9bito directo en cuenta bancaria o d\u00e9bito autom\u00e1tico en tarjetas de cr\u00e9dito, podr\u00e1n solicitar la suspensi\u00f3n del d\u00e9bito ante las respectivas instituciones de pago (entidad bancaria o administradora de tarjeta de cr\u00e9dito).<\/p>\n<p>Los beneficiarios de estas medidas de alivio podr\u00e1n acceder a trav\u00e9s del sitio web de la AFIP con clave fiscal: en &#8220;Presentaciones Digitales&#8221; deber\u00e1n optar por el tr\u00e1mite &#8220;Zona de Emergencia-Acreditaci\u00f3n&#8221;. El ente recaudador explic\u00f3 que quienes cumplan con los requisitos y condiciones ser\u00e1n caracterizados en el &#8220;Sistema Registral&#8221; con el c\u00f3digo &#8220;515\u2013Emergencia H\u00eddrica\u2013Decreto 482\/2021&#8221;.<\/p>\n","protected":false},"excerpt":{"rendered":"<p>Las personas afectadas por la emergencia h\u00eddrica tendr\u00e1n tiempo hasta el 17 de diciembre para solicitar beneficios fiscales &nbsp; &nbsp; La AFIP extendi\u00f3 hasta el 17 de diciembre el plazo para solicitar beneficios fiscales a los habitantes de las localidades afectadas por la bajante hist\u00f3rica del r\u00edo Paran\u00e1. La medida alcanza a las provincias de Formosa, Chaco, Corrientes, Santa Fe, Entre R\u00edos, Misiones y Buenos Aires y, seg\u00fan lo dispuesto, el Consejo Nacional para la Gesti\u00f3n Integral del Riesgo y la Protecci\u00f3n Civil ser\u00e1 el encargado de definir las localidades&#8230;<\/p>\n","protected":false},"author":3,"featured_media":79083,"comment_status":"closed","ping_status":"closed","sticky":false,"template":"","format":"standard","meta":[],"categories":[2],"tags":[],"_links":{"self":[{"href":"https:\/\/www.actualidadadiario.com\/index.php\/wp-json\/wp\/v2\/posts\/79082"}],"collection":[{"href":"https:\/\/www.actualidadadiario.com\/index.php\/wp-json\/wp\/v2\/posts"}],"about":[{"href":"https:\/\/www.actualidadadiario.com\/index.php\/wp-json\/wp\/v2\/types\/post"}],"author":[{"embeddable":true,"href":"https:\/\/www.actualidadadiario.com\/index.php\/wp-json\/wp\/v2\/users\/3"}],"replies":[{"embeddable":true,"href":"https:\/\/www.actualidadadiario.com\/index.php\/wp-json\/wp\/v2\/comments?post=79082"}],"version-history":[{"count":1,"href":"https:\/\/www.actualidadadiario.com\/index.php\/wp-json\/wp\/v2\/posts\/79082\/revisions"}],"predecessor-version":[{"id":79084,"href":"https:\/\/www.actualidadadiario.com\/index.php\/wp-json\/wp\/v2\/posts\/79082\/revisions\/79084"}],"wp:featuredmedia":[{"embeddable":true,"href":"https:\/\/www.actualidadadiario.com\/index.php\/wp-json\/wp\/v2\/media\/79083"}],"wp:attachment":[{"href":"https:\/\/www.actualidadadiario.com\/index.php\/wp-json\/wp\/v2\/media?parent=79082"}],"wp:term":[{"taxonomy":"category","embeddable":true,"href":"https:\/\/www.actualidadadiario.com\/index.php\/wp-json\/wp\/v2\/categories?post=79082"},{"taxonomy":"post_tag","embeddable":true,"href":"https:\/\/www.actualidadadiario.com\/index.php\/wp-json\/wp\/v2\/tags?post=79082"}],"curies":[{"name":"wp","href":"https:\/\/api.w.org\/{rel}","templated":true}]}}