{"id":79044,"date":"2021-10-27T13:42:22","date_gmt":"2021-10-27T16:42:22","guid":{"rendered":"https:\/\/www.actualidadadiario.com\/?p=79044"},"modified":"2021-10-27T13:42:22","modified_gmt":"2021-10-27T16:42:22","slug":"guzman-parte-a-roma-a-la-reunion-del-g-20-y-allana-el-camino-para-el-encuentro-fernandez-georgieva","status":"publish","type":"post","link":"https:\/\/www.actualidadadiario.com\/index.php\/2021\/10\/27\/guzman-parte-a-roma-a-la-reunion-del-g-20-y-allana-el-camino-para-el-encuentro-fernandez-georgieva\/","title":{"rendered":"Guzm\u00e1n parte a Roma a la reuni\u00f3n del G-20 y allana el camino para el encuentro Fern\u00e1ndez-Georgieva"},"content":{"rendered":"<p style=\"text-align: center;\"><em><strong>Insistir\u00e1 con el pedido de \u201cuna nueva arquitectura financiera\u201d para los pa\u00edses en desarrollo y que el FMI baje la sobre tasa que le cobra a algunos pa\u00edses<\/strong><\/em><\/p>\n<p>&nbsp;<\/p>\n<p>&nbsp;<\/p>\n<p>Mart\u00edn Guzm\u00e1n partir\u00e1 este mi\u00e9rcoles al mediod\u00eda a Roma donde participar\u00e1 ma\u00f1ana y pasado de la reuni\u00f3n de Ministros de Econom\u00eda de los pa\u00edses del G20, donde se analizar\u00e1 la situaci\u00f3n mundial luego de la pandemia del Covid 19.<\/p>\n<p>Esta reuni\u00f3n a la que se le sumar\u00e1n los presidentes de los respectivos bancos centrales de cada naci\u00f3n, ser\u00e1 el pre\u00e1mbulo de la Cumbre de Mandatarios que se celebrar\u00e1 el s\u00e1bado y domingo en la capital de Italia, y a la que concurrir\u00e1 el presidente Alberto Fern\u00e1ndez.<\/p>\n<p>La misi\u00f3n de Guzm\u00e1n es lograr un di\u00e1logo directo entre Fern\u00e1ndez y la Directora Gerente del Fondo Monetario Internacional (FMI) Kristalina Georgieva, quien tambi\u00e9n est\u00e1 presente en el encuentro del fin de semana, sobre la forma en que el pa\u00eds refinanciar\u00e1 los U$S45.000 millones que le adeuda a ese organismo, y de los cuales unos U$S18.000 vencen el a\u00f1o pr\u00f3ximo.<\/p>\n<p>La postura del ministro de econom\u00eda ser\u00e1 que las naciones del G-20 apoyen el pedido de Argentina para el FMI deje de cobrar una sobre tasa a aquellos pa\u00edses que recibieron pr\u00e9stamos por encima de lo que le correspond\u00eda, como fue el caso de Argentina, que obtuvo US$ 45.000 millones en el 2018, durante el Gobierno de Mauricio Macri.<\/p>\n<p>Adem\u00e1s, insistir\u00e1 en la necesidad de crear \u201cun fondo de resiliencia\u201d, para los pa\u00edses m\u00e1s pobres y de \u201ctama\u00f1o medio\u201d, como el caso de Argentina, a partir del dinero que este a\u00f1o aportaron al FMI las naciones desarrolladas y no utilizaron.<\/p>\n<p>Guzm\u00e1n insisti\u00f3 el domingo pasado sobre la necesidad de crear \u201cuna nueva arquitectura financiera internacional\u201d en la que las de los organismos de cr\u00e9ditos sean \u201canti-c\u00edclicas\u201d en los momentos que atraviesan algunas naciones.<\/p>\n<p>En cuanto a Fern\u00e1ndez, tambi\u00e9n mantendr\u00e1 reuniones con la canciller de Alemania, \u00c1ngela Merkel y la presidente de la Comisi\u00f3n Europea, \u00darsula Gertrud von der Leyen.<\/p>\n<p>La Cumbre de Roma ser\u00e1 la 16\u00aa reuni\u00f3n del G20 a nivel de Jefes de Estado y de Gobierno y, a diferencia de la realizada el a\u00f1o pasado en Arabia Saudita, que fue virtual, \u00e9sta ser\u00e1 nuevamente presencial, con lo cual hay mucha expectativa ya que en ese marco se pueden entablar reuniones bilaterales.<\/p>\n<p>Integrar\u00e1n la comitiva del mandatario argentino el canciller Santiago Cafiero; el ministro Guzm\u00e1n y el embajador argentino en Washington y sherpa argentino del G20, Jorge Arg\u00fcello.<\/p>\n<p>Fern\u00e1ndez tambi\u00e9n participar\u00e1 Conferencia de Naciones Unidas sobre Cambio Clim\u00e1tico (COP26) en la ciudad de Glasgow, en el Reino Unido que comenzar\u00e1 la semana siguiente.<\/p>\n","protected":false},"excerpt":{"rendered":"<p>Insistir\u00e1 con el pedido de \u201cuna nueva arquitectura financiera\u201d para los pa\u00edses en desarrollo y que el FMI baje la sobre tasa que le cobra a algunos pa\u00edses &nbsp; &nbsp; Mart\u00edn Guzm\u00e1n partir\u00e1 este mi\u00e9rcoles al mediod\u00eda a Roma donde participar\u00e1 ma\u00f1ana y pasado de la reuni\u00f3n de Ministros de Econom\u00eda de los pa\u00edses del G20, donde se analizar\u00e1 la situaci\u00f3n mundial luego de la pandemia del Covid 19. Esta reuni\u00f3n a la que se le sumar\u00e1n los presidentes de los respectivos bancos centrales de cada naci\u00f3n, ser\u00e1 el pre\u00e1mbulo&#8230;<\/p>\n","protected":false},"author":3,"featured_media":79045,"comment_status":"closed","ping_status":"closed","sticky":false,"template":"","format":"standard","meta":[],"categories":[18],"tags":[],"_links":{"self":[{"href":"https:\/\/www.actualidadadiario.com\/index.php\/wp-json\/wp\/v2\/posts\/79044"}],"collection":[{"href":"https:\/\/www.actualidadadiario.com\/index.php\/wp-json\/wp\/v2\/posts"}],"about":[{"href":"https:\/\/www.actualidadadiario.com\/index.php\/wp-json\/wp\/v2\/types\/post"}],"author":[{"embeddable":true,"href":"https:\/\/www.actualidadadiario.com\/index.php\/wp-json\/wp\/v2\/users\/3"}],"replies":[{"embeddable":true,"href":"https:\/\/www.actualidadadiario.com\/index.php\/wp-json\/wp\/v2\/comments?post=79044"}],"version-history":[{"count":1,"href":"https:\/\/www.actualidadadiario.com\/index.php\/wp-json\/wp\/v2\/posts\/79044\/revisions"}],"predecessor-version":[{"id":79046,"href":"https:\/\/www.actualidadadiario.com\/index.php\/wp-json\/wp\/v2\/posts\/79044\/revisions\/79046"}],"wp:featuredmedia":[{"embeddable":true,"href":"https:\/\/www.actualidadadiario.com\/index.php\/wp-json\/wp\/v2\/media\/79045"}],"wp:attachment":[{"href":"https:\/\/www.actualidadadiario.com\/index.php\/wp-json\/wp\/v2\/media?parent=79044"}],"wp:term":[{"taxonomy":"category","embeddable":true,"href":"https:\/\/www.actualidadadiario.com\/index.php\/wp-json\/wp\/v2\/categories?post=79044"},{"taxonomy":"post_tag","embeddable":true,"href":"https:\/\/www.actualidadadiario.com\/index.php\/wp-json\/wp\/v2\/tags?post=79044"}],"curies":[{"name":"wp","href":"https:\/\/api.w.org\/{rel}","templated":true}]}}