{"id":79042,"date":"2021-10-27T13:41:41","date_gmt":"2021-10-27T16:41:41","guid":{"rendered":"https:\/\/www.actualidadadiario.com\/?p=79042"},"modified":"2021-10-27T13:41:41","modified_gmt":"2021-10-27T16:41:41","slug":"macri-se-presenta-en-dolores-al-tercer-llamado-a-indagatoria-bajo-la-acusacion-de-espionaje","status":"publish","type":"post","link":"https:\/\/www.actualidadadiario.com\/index.php\/2021\/10\/27\/macri-se-presenta-en-dolores-al-tercer-llamado-a-indagatoria-bajo-la-acusacion-de-espionaje\/","title":{"rendered":"Macri se presenta en Dolores al tercer llamado a indagatoria bajo la acusaci\u00f3n de espionaje"},"content":{"rendered":"<p style=\"text-align: center;\"><em><strong>Es por supuestas tareas de inteligencia en contra de familiares de v\u00edctimas del ARA San Juan. Luego de la indagatoria el juez tiene diez d\u00edas para definir si lo procesa o no. Es su primera citaci\u00f3n como imputado en una causa<\/strong><\/em><\/p>\n<p>&nbsp;<\/p>\n<p>&nbsp;<\/p>\n<p>El expresidente Mauricio Macri se presenta a su primera indagatoria en una causa penal, es en Dolores y por supuesto espionaje a familiares de v\u00edctimas del hundido submarino ARA San Juan.<\/p>\n<p>La citaci\u00f3n, la tercera ya que la primera estaba en el exterior y falt\u00f3 al segundo llamado, la hace el juez federal subrogante de Dolores Mart\u00edn Bava.<\/p>\n<p>Bava hace pocos d\u00edas rechaz\u00f3 una recusaci\u00f3n que le plant\u00f3 la defensa de Macri por prejuzgamiento y temor de parcialidad. Ahora define si sigue a cargo de la causa la C\u00e1mara Federal de Mar del Plata pero ello no suspende la indagatoria de ma\u00f1ana a las 12 del mediod\u00eda.<\/p>\n<p>La causa es por supuesto espionaje en la cual ya fueron procesados Gustavo Arribas y Silvia Majdalani, extitular y Vice, respectivamente, de la Agencia Federal de Inteligencia. Incluso les proh\u00edbe salir del pa\u00eds por peligro de fuga.<\/p>\n<p>La prohibici\u00f3n de salida del pa\u00eds tambi\u00e9n fue impuesta a Macri, pero \u00e9ste apel\u00f3 y tambi\u00e9n es otra de las cuestiones que debe definir la C\u00e1mara Federal de Mar del Plata.<\/p>\n<p>Por lo pronto, no se sabe si Macri va a contestar o no preguntas del juez y el fiscal federal Juan Pablo Curi. Tambi\u00e9n puede presentar un escrito y negarse a declarar.<\/p>\n<p>La declaraci\u00f3n de Macri se da con mucha expectativa, pues es la primera citaci\u00f3n tras dejar su mandato como presidente, en medio de una campana electoral de cara al 14 de noviembre, y con una movilizaci\u00f3n de algunos dirigentes en Dolores en apoyo. Tambi\u00e9n se prev\u00e9 que vayan familiares de v\u00edctimas del hundido submarino ARA San Juan.<\/p>\n<p>Los familiares justamente fueron algunos de los que solicitaron la captura de Macri tras no presentarse al segundo llamado a indagatoria. El juez no defini\u00f3 pero se torna abstracto ya que se presentar\u00e1 ma\u00f1ana jueves.<\/p>\n<p>Bava tras cumplir con el acto de indagatoria ma\u00f1ana cuenta con diez d\u00edas para procesarlo o no a Macri. Seg\u00fan la acusaci\u00f3n, las tareas de espionaje que incluyeron el armado de fichas de familiares, de seguimientos y supuestas intervenciones telef\u00f3nicas ilegales comenz\u00f3 cinco d\u00edas despu\u00e9s de la desaparici\u00f3n de la nave, en noviembre de 2017 y tras una reuni\u00f3n que algunos de ellos mantuvieron con el entonces presidente.<\/p>\n<p>Macri, seg\u00fan la Justicia, estaba al tanto de las tareas de espionaje seg\u00fan la Justicia puesto que recib\u00eda los informes de inteligencia.<\/p>\n","protected":false},"excerpt":{"rendered":"<p>Es por supuestas tareas de inteligencia en contra de familiares de v\u00edctimas del ARA San Juan. Luego de la indagatoria el juez tiene diez d\u00edas para definir si lo procesa o no. Es su primera citaci\u00f3n como imputado en una causa &nbsp; &nbsp; El expresidente Mauricio Macri se presenta a su primera indagatoria en una causa penal, es en Dolores y por supuesto espionaje a familiares de v\u00edctimas del hundido submarino ARA San Juan. La citaci\u00f3n, la tercera ya que la primera estaba en el exterior y falt\u00f3 al segundo&#8230;<\/p>\n","protected":false},"author":3,"featured_media":78697,"comment_status":"closed","ping_status":"closed","sticky":false,"template":"","format":"standard","meta":[],"categories":[18],"tags":[],"_links":{"self":[{"href":"https:\/\/www.actualidadadiario.com\/index.php\/wp-json\/wp\/v2\/posts\/79042"}],"collection":[{"href":"https:\/\/www.actualidadadiario.com\/index.php\/wp-json\/wp\/v2\/posts"}],"about":[{"href":"https:\/\/www.actualidadadiario.com\/index.php\/wp-json\/wp\/v2\/types\/post"}],"author":[{"embeddable":true,"href":"https:\/\/www.actualidadadiario.com\/index.php\/wp-json\/wp\/v2\/users\/3"}],"replies":[{"embeddable":true,"href":"https:\/\/www.actualidadadiario.com\/index.php\/wp-json\/wp\/v2\/comments?post=79042"}],"version-history":[{"count":1,"href":"https:\/\/www.actualidadadiario.com\/index.php\/wp-json\/wp\/v2\/posts\/79042\/revisions"}],"predecessor-version":[{"id":79043,"href":"https:\/\/www.actualidadadiario.com\/index.php\/wp-json\/wp\/v2\/posts\/79042\/revisions\/79043"}],"wp:featuredmedia":[{"embeddable":true,"href":"https:\/\/www.actualidadadiario.com\/index.php\/wp-json\/wp\/v2\/media\/78697"}],"wp:attachment":[{"href":"https:\/\/www.actualidadadiario.com\/index.php\/wp-json\/wp\/v2\/media?parent=79042"}],"wp:term":[{"taxonomy":"category","embeddable":true,"href":"https:\/\/www.actualidadadiario.com\/index.php\/wp-json\/wp\/v2\/categories?post=79042"},{"taxonomy":"post_tag","embeddable":true,"href":"https:\/\/www.actualidadadiario.com\/index.php\/wp-json\/wp\/v2\/tags?post=79042"}],"curies":[{"name":"wp","href":"https:\/\/api.w.org\/{rel}","templated":true}]}}