{"id":79039,"date":"2021-10-27T13:40:51","date_gmt":"2021-10-27T16:40:51","guid":{"rendered":"https:\/\/www.actualidadadiario.com\/?p=79039"},"modified":"2021-10-27T13:40:51","modified_gmt":"2021-10-27T16:40:51","slug":"se-cumplen-dos-anos-del-triunfo-del-frente-de-todos-en-comicios-presidenciales","status":"publish","type":"post","link":"https:\/\/www.actualidadadiario.com\/index.php\/2021\/10\/27\/se-cumplen-dos-anos-del-triunfo-del-frente-de-todos-en-comicios-presidenciales\/","title":{"rendered":"Se cumplen dos a\u00f1os del triunfo del Frente de Todos en comicios presidenciales"},"content":{"rendered":"<p style=\"text-align: center;\"><em><strong>El 27 de octubre de 2019, la f\u00f3rmula Alberto Fern\u00e1ndez &#8211; Cristina Fern\u00e1ndez de Kirchner se impuso por ocho puntos al binomio Mauricio Macri &#8211; Miguel \u00c1ngel Pichetto, por medio de una decisi\u00f3n popular que quiso dejar atr\u00e1s el tercer ciclo neoliberal de la Argentina<\/strong><\/em><\/p>\n<p>&nbsp;<\/p>\n<p>&nbsp;<\/p>\n<p>La victoria electoral de la f\u00f3rmula presidencial del Frente de Todos, encabezada por Alberto Fern\u00e1ndez y Cristina Fern\u00e1ndez de Kirchner, el 27 de octubre de 2019, inyect\u00f3 expectativa, tras cuatro a\u00f1os de gobierno de Mauricio Macri signados por el fuerte endeudamiento externo e indicadores econ\u00f3micos negativos.<\/p>\n<p>Este mi\u00e9rcoles se cumplen dos a\u00f1os de aquel triunfo electoral en el que el binomio Fern\u00e1ndez-Fern\u00e1ndez se impuso por ocho puntos al integrado por Mauricio Macri y Miguel \u00c1ngel Pichetto, con la promesa de dejar atr\u00e1s el tercer ciclo neoliberal que experiment\u00f3 el pa\u00eds, esta vez, comandado por el gobierno de Cambiemos.<\/p>\n<p>Con una cosecha de casi 13 millones de votos, el FdT venci\u00f3 en primera vuelta a la alianza PRO-UCR-Coalici\u00f3n C\u00edvica y, con ello, sepult\u00f3 el sue\u00f1o de continuidad de Macri, quien se convirti\u00f3 as\u00ed en el primer presidente en ejercicio en no obtener la reelecci\u00f3n, un hecho in\u00e9dito desde la recuperaci\u00f3n de la democracia en 1983.<\/p>\n<p>As\u00ed, el peronismo en su nueva versi\u00f3n no solo recuperaba la Naci\u00f3n sino adem\u00e1s la provincia de Buenos Aires, en manos de Axel Kicillof, que se impuso por amplio margen (52 a 38%) ante Mar\u00eda Eugenia Vidal, quien hoy, dos a\u00f1os despu\u00e9s, volvi\u00f3 a saltar la General Paz para candidatearse a diputada nacional por CABA en las legislativas del 14 de noviembre.<\/p>\n<p>&#8220;Vamos a construir la Argentina igualitaria que so\u00f1amos, ese es el compromiso que asumo y ojal\u00e1 que quienes sean nuestros opositores en estos cuatro a\u00f1os sean conscientes de lo que nos han dejado y nos ayuden a reconstruir el pa\u00eds de las cenizas&#8221;, dijo Alberto Fern\u00e1ndez en la noche de la victoria ante la multitud reunida en las inmediaciones del b\u00fanker emplazado en el Complejo Cultural C, en el barrio porte\u00f1o de Chacarita.<\/p>\n<p>Acompa\u00f1ado por Cristina Fern\u00e1ndez; Kicillof; el l\u00edder del Frente Renovador, Sergio Massa; el referente de La C\u00e1mpora, M\u00e1ximo Kirchner; y otros dirigentes de la coalici\u00f3n, el presidente electo convoc\u00f3 a construir &#8220;una Argentina solidaria, igualitaria, que defiende a la educaci\u00f3n p\u00fablica, a la salud, que privilegie a los que producen a los que trabajan&#8221;.<\/p>\n<p>El triunfo electoral del FdT coincidi\u00f3 con el noveno aniversario de la muerte de N\u00e9stor Kirchner, dato que Cristina no dej\u00f3 pasar inadvertido aquella noche. &#8220;Nunca pens\u00e9 que alg\u00fan d\u00eda para esta fecha iba a estar tan contenta, siempre me encuentra bajoneada pero hoy me encuentra con mucha alegr\u00eda&#8221;, dijo al recordar a su esposo fallecido en 2010.<\/p>\n<p>En ese discurso, la exmandataria pidi\u00f3 a las &#8220;distintas vertientes del campo nacional popular que nunca m\u00e1s rompan la unidad que se requiere para enfrentar estos proyectos neoliberales que tanto dolor han causado&#8221;, un concepto que para el actual oficialismo se resignific\u00f3 tras la derrota en las \u00faltimas PASO y los debates posteriores.<\/p>\n<p>&nbsp;<\/p>\n<p><strong>Alberto, la &#8220;sorpresa&#8221; de Cristina<\/strong><\/p>\n<p>Meses antes de aquel 27 de octubre de 2019, en un apacible s\u00e1bado de mayo y en un hecho que analistas pol\u00edticos definieron como &#8220;jugada pol\u00edtica estrat\u00e9gica&#8221;, Cristina Fern\u00e1ndez sorprendi\u00f3 a propios y a extra\u00f1os, al anunciar que no competir\u00eda por la Presidencia y postul\u00f3 a Alberto Fern\u00e1ndez, quien hab\u00eda sido su jefe de Gabinete y el de N\u00e9stor Kirchner.<\/p>\n<p>El actual Presidente y CFK se conoc\u00edan desde hace a\u00f1os, y tras un per\u00edodo de distanciamiento, supieron limar asperezas y recomponer el v\u00ednculo.<\/p>\n<p>La jugada de Cristina Fern\u00e1ndez trastoc\u00f3 el tablero electoral en un contexto pol\u00edtico que distaba bastante del que se configur\u00f3 luego, con la conformaci\u00f3n del FdT que en las elecciones primarias de agosto anticip\u00f3 su arribo a la Casa Rosada al superar por m\u00e1s de 15 puntos a JxC.<\/p>\n<p>Esa abultada derrota desconcert\u00f3 a JxC, y en particular al propio Macri quien, molesto con el resultado electoral, culp\u00f3 a los argentinos y fue pasivo ante la feroz corrida cambiaria de esos d\u00edas.<\/p>\n<p>&#8220;Si el kirchnerismo gana, esto es solo una muestra de lo que puede pasar. Es tremendo lo que puede pasar&#8221;, atemoriz\u00f3 a la poblaci\u00f3n el entonces Presidente en un intento por evitar su ca\u00edda definitiva en las urnas dos meses despu\u00e9s.<\/p>\n<p>&nbsp;<\/p>\n<p><strong>El cambio de rumbo por la pandemia<\/strong><\/p>\n<p>A solo tres meses de asumir, la flamante administraci\u00f3n del FdT debi\u00f3 reconfigurar su hoja de ruta y postergar aspectos centrales de su plan de gobierno para afrontar los efectos sanitarios, sociales y econ\u00f3micos sin precedentes que desat\u00f3 la pandemia de coronavirus.<\/p>\n<p>&#8220;Cuidar a los argentinos&#8221; anteponiendo la vida a la econom\u00eda fue el norte de la entonces incipiente gesti\u00f3n, como se evidenci\u00f3 en la acelerada reconstrucci\u00f3n del sistema sanitario y la implementaci\u00f3n de una bater\u00eda de medidas de contenci\u00f3n social (IFE) y ayuda econ\u00f3mica al sector productivo (ATP) para atenuar las consecuencias de la Covid-19.<\/p>\n<p>&#8220;El Frente de Todos naci\u00f3 para incluir a todos los argentinos y a todos los argentinos estamos convocando&#8221;, dijo Fern\u00e1ndez en la celebraci\u00f3n de 2019, y marcaba as\u00ed el perfil dialoguista que le imprimir\u00eda a su gesti\u00f3n, materializado con la asistencia a los distritos gobernados por la oposici\u00f3n.<\/p>\n<p>En ese escenario, el Gobierno, con avances y retrocesos, se concentr\u00f3 en el manejo de la pandemia y en sus casi dos a\u00f1os de gesti\u00f3n comenz\u00f3 a desanudar la herencia dejada por Cambiemos.<\/p>\n<p>La renegociaci\u00f3n de la abultada deuda externa con acreedores privados, que busca ahora replicar con el FMI por los 44 mil millones de d\u00f3lares prestados a Macri por fuera de las reglamentaciones del organismo; y la incipiente reactivaci\u00f3n econ\u00f3mica y baja del desempleo tras los efectos econ\u00f3micos que aparej\u00f3 la pandemia son parte de esos avances.<\/p>\n<p>A ello, se suma el Plan Estrat\u00e9gico de Vacunaci\u00f3n que, con la adquisici\u00f3n de casi 83 millones de dosis recibidas, permiti\u00f3, hasta el momento, inmunizar al 53,7% de la poblaci\u00f3n total con esquema completo.<\/p>\n<p>Pero a pesar de los esfuerzos, el FdT no logr\u00f3 sortear en las urnas la suerte que tambi\u00e9n tuvieron otros oficialismos en el mundo por el impacto de la pandemia y tuvo una fuerte derrota en las primarias del 13 de septiembre.<\/p>\n<p>Fern\u00e1ndez inform\u00f3 r\u00e1pidamente que hab\u00eda tomado nota del mensaje de la ciudadan\u00eda y se comprometi\u00f3 a trabajar para dar respuesta a las demandas expresada en las PASO.<\/p>\n<p>&#8220;Escuchamos con respeto y mucha atenci\u00f3n el veredicto de la gente; hay errores que hemos cometido y que no debimos haber cometido; de los errores aprendemos. Hay una demanda y a partir de ma\u00f1ana vamos a prestarle atenci\u00f3n y resolver el problema que la gente nos plantea&#8221;, prometi\u00f3 el Presidente en la noche misma de la elecci\u00f3n.<\/p>\n","protected":false},"excerpt":{"rendered":"<p>El 27 de octubre de 2019, la f\u00f3rmula Alberto Fern\u00e1ndez &#8211; Cristina Fern\u00e1ndez de Kirchner se impuso por ocho puntos al binomio Mauricio Macri &#8211; Miguel \u00c1ngel Pichetto, por medio de una decisi\u00f3n popular que quiso dejar atr\u00e1s el tercer ciclo neoliberal de la Argentina &nbsp; &nbsp; La victoria electoral de la f\u00f3rmula presidencial del Frente de Todos, encabezada por Alberto Fern\u00e1ndez y Cristina Fern\u00e1ndez de Kirchner, el 27 de octubre de 2019, inyect\u00f3 expectativa, tras cuatro a\u00f1os de gobierno de Mauricio Macri signados por el fuerte endeudamiento externo e&#8230;<\/p>\n","protected":false},"author":3,"featured_media":79040,"comment_status":"closed","ping_status":"closed","sticky":false,"template":"","format":"standard","meta":[],"categories":[18],"tags":[],"_links":{"self":[{"href":"https:\/\/www.actualidadadiario.com\/index.php\/wp-json\/wp\/v2\/posts\/79039"}],"collection":[{"href":"https:\/\/www.actualidadadiario.com\/index.php\/wp-json\/wp\/v2\/posts"}],"about":[{"href":"https:\/\/www.actualidadadiario.com\/index.php\/wp-json\/wp\/v2\/types\/post"}],"author":[{"embeddable":true,"href":"https:\/\/www.actualidadadiario.com\/index.php\/wp-json\/wp\/v2\/users\/3"}],"replies":[{"embeddable":true,"href":"https:\/\/www.actualidadadiario.com\/index.php\/wp-json\/wp\/v2\/comments?post=79039"}],"version-history":[{"count":1,"href":"https:\/\/www.actualidadadiario.com\/index.php\/wp-json\/wp\/v2\/posts\/79039\/revisions"}],"predecessor-version":[{"id":79041,"href":"https:\/\/www.actualidadadiario.com\/index.php\/wp-json\/wp\/v2\/posts\/79039\/revisions\/79041"}],"wp:featuredmedia":[{"embeddable":true,"href":"https:\/\/www.actualidadadiario.com\/index.php\/wp-json\/wp\/v2\/media\/79040"}],"wp:attachment":[{"href":"https:\/\/www.actualidadadiario.com\/index.php\/wp-json\/wp\/v2\/media?parent=79039"}],"wp:term":[{"taxonomy":"category","embeddable":true,"href":"https:\/\/www.actualidadadiario.com\/index.php\/wp-json\/wp\/v2\/categories?post=79039"},{"taxonomy":"post_tag","embeddable":true,"href":"https:\/\/www.actualidadadiario.com\/index.php\/wp-json\/wp\/v2\/tags?post=79039"}],"curies":[{"name":"wp","href":"https:\/\/api.w.org\/{rel}","templated":true}]}}