{"id":79036,"date":"2021-10-27T13:40:01","date_gmt":"2021-10-27T16:40:01","guid":{"rendered":"https:\/\/www.actualidadadiario.com\/?p=79036"},"modified":"2021-10-27T13:40:01","modified_gmt":"2021-10-27T16:40:01","slug":"todos-los-detalles-de-la-maratonica-sesion-en-la-que-aprobaron-la-ley-de-etiquetado-frontal","status":"publish","type":"post","link":"https:\/\/www.actualidadadiario.com\/index.php\/2021\/10\/27\/todos-los-detalles-de-la-maratonica-sesion-en-la-que-aprobaron-la-ley-de-etiquetado-frontal\/","title":{"rendered":"Todos los detalles de la marat\u00f3nica sesi\u00f3n en la que aprobaron la ley de etiquetado frontal"},"content":{"rendered":"<p style=\"text-align: center;\"><em><strong>Durante m\u00e1s de 20 horas de debate, aprobaron la norma para que se conozcan los excesos de grasas, sodios y az\u00facares que tienen algunos alimentos. Tambi\u00e9n votaron otras leyes, como la ley ovina, de la personas en situaci\u00f3n de calle, de trabajadores vi\u00f1ateros, oncopediatr\u00eda y beneficios para entidades sin fines de lucro<\/strong><\/em><\/p>\n<p>&nbsp;<\/p>\n<p>&nbsp;<\/p>\n<p>En una marat\u00f3nica sesi\u00f3n, que demand\u00f3 m\u00e1s de 20 horas de debate, la C\u00e1mara de Diputados aprob\u00f3 un conjunto de proyectos, entre ellos la ley de etiquetado frontal de alimentos, que fue uno de los ejes centrales del plenario, que marc\u00f3 la vuelta del cuerpo a la presencialidad plena, tras las restricciones por la pandemia del coronavirus.<\/p>\n<p>La sesi\u00f3n especial se hab\u00eda iniciado martes al mediod\u00eda y concluy\u00f3 este mi\u00e9rcoles a la ma\u00f1ana cerca de las 9, luego de una intensa jornada de debate que incluy\u00f3 la discusi\u00f3n de varias iniciativas aunque el tema central fue el proyecto de etiquetado frontal, que fue convertido en ley.<\/p>\n<p>Sin embargo, el tratamiento de ese proyecto comenz\u00f3 con una demora de m\u00e1s de tres horas debido a que varios legisladores, en su mayor\u00eda de Juntos por el Cambio, presentaron pedidos de apartamiento del reglamento para incluir otros temas.<\/p>\n<p>Si bien esas peticiones en su totalidad fueron rechazadas, se mantuvo el temario acordado entre los bloques pol\u00edticos pero el debate puntual de esa iniciativa comenz\u00f3 cerca de las 16.<\/p>\n<p>La sesi\u00f3n fue observada por diferentes organizaciones de la sociedad civil que vienen solicitando la aprobaci\u00f3n de la ley de etiquetado frontal para que la sociedad conozca los excesos de grasas, sodios y az\u00facares que tienen algunos productos de los alimentos.<\/p>\n<p>El dictamen de mayor\u00eda prev\u00e9 la incorporaci\u00f3n en el frente de los envases de los productos ultraprocesados una etiqueta con forma de oct\u00f3gono negro con letras blancas que advierta el exceso de nutrientes cr\u00edticos para la salud, como az\u00facares, sodio, grasas saturadas, grasas totales y calor\u00edas.<\/p>\n<p>Adem\u00e1s, determina que los productos que contengan entre sus ingredientes edulcorantes o cafe\u00edna tendr\u00e1n que informar que su consumo no se recomienda en ni\u00f1as y ni\u00f1os.<\/p>\n<p>Si bien el tema central de la sesi\u00f3n fue etiquetado frontal de alimentos, los diputados aprobaron adem\u00e1s y giraron al Senado un proyecto que establece la creaci\u00f3n de un Programa Nacional de Cuidado Integral del Ni\u00f1o, Ni\u00f1a y Adolescente con C\u00e1ncer con el objetivo de reducir la morbimortalidad por esta enfermedad en los menores de edad y garantizarle sus derechos.<\/p>\n<p>La iniciativa fue sancionada por unanimidad de los presentes, con 226 votos que fueron aportados por el Frente de Todos, Juntos por el Cambio, los Interbloques Federal y de Unidad para el Desarrollo, Movimiento Popular Neuquino, Acci\u00f3n Federal y el Frente de Izquierda.<\/p>\n<p>Este debate tambi\u00e9n fue observado por padres y madres que tienen hijos que padecen c\u00e1ncer y ven\u00edan reclamando la sanci\u00f3n de esta iniciativa, as\u00ed como por la ministra de Salud, Carla Vizzotti, qui\u00e9nes se ubicaron a escuchar el debate desde el palco de los invitados.<\/p>\n<p>En el marco de la sesi\u00f3n, los diputados aprobaron adem\u00e1s por amplia mayor\u00eda un proyecto que propone crear una coordinaci\u00f3n interministerial que aplique pol\u00edticas transversales de salud, vivienda y trabajo para la gente en situaci\u00f3n de calle, que fue girado al Senado.<\/p>\n<p>Se trata de una iniciativa del diputado del Frente de Todos, Federico Fagioli, que contempla la articulaci\u00f3n con \u00e1reas y programas espec\u00edficos de los ministerios de Salud, de Desarrollo Territorial y H\u00e1bitat, y de las Mujeres, G\u00e9neros y Diversidad, adem\u00e1s del Sedronar.<\/p>\n<p>Adem\u00e1s, en el marco del plenario del cuerpo, los diputados convirtieron en ley el proyecto que autoriza la entrada de tropas extranjeras al territorio argentino y la salida de fuerzas nacionales para participar del Programa de Ejercitaciones combinadas durante un a\u00f1o, aprobado por 192 votos a favor y 2 negativos.<\/p>\n<p>Tambi\u00e9n, la C\u00e1mara baja convirti\u00f3 en ley este mi\u00e9rcoles a la ma\u00f1ana los proyectos de un r\u00e9gimen jubilatorio para los trabajadores de la actividad vit\u00edcola y una reforma del Estatuto del Contratista de Vi\u00f1as y Frutales en relaci\u00f3n con la indemnizaci\u00f3n y la mensualidad que percibe el contratista.<\/p>\n<p>Asimismo, los diputados sancionaron por unanimidad la iniciativa que busca aliviar las deudas tributarias que tienen entidades sin fines de lucro, como bomberos voluntarios, clubes de barrios, fundaciones, organizaciones comunitarias y micro empresas (mipymes).<\/p>\n<p>El proyecto impulsado por el presidente de la C\u00e1mara de Diputados, Sergio Massa, fue aprobado en el recinto por unanimidad de 198 votos afirmativos y ninguno en contra.<\/p>\n<p>Asimismo, Diputados convirti\u00f3 en ley un proyecto que establece la creaci\u00f3n de un r\u00e9gimen de promoci\u00f3n para la ganader\u00eda ovina y de llamas en el pa\u00eds, con fondos por hasta $ 850 millones.<\/p>\n<p>El plenario legislativo vot\u00f3 esta iniciativa con el respaldo del Frente de Todos, Juntos por el Cambio, los interbloques Federal y de Unidad y Equidad para el Desarrollo, Acci\u00f3n Federal y MPN, en tanto fue rechazado por dos legisladores de izquierda.<\/p>\n<p>Finalmente, se aprobaron dos convenios internacionales y un conjunto de proyectos sobre transferencias de inmuebles a distintas provincias, de los cuales cuatro de esas iniciativas tuvieron sanci\u00f3n definitiva, mientras que ocho fueron girados al Senado.<\/p>\n<p>Los proyectos se aprobaron en una sola votaci\u00f3n que tuvo 179 votos afirmativos, 0 en contra y 4 abstenciones.<\/p>\n","protected":false},"excerpt":{"rendered":"<p>Durante m\u00e1s de 20 horas de debate, aprobaron la norma para que se conozcan los excesos de grasas, sodios y az\u00facares que tienen algunos alimentos. Tambi\u00e9n votaron otras leyes, como la ley ovina, de la personas en situaci\u00f3n de calle, de trabajadores vi\u00f1ateros, oncopediatr\u00eda y beneficios para entidades sin fines de lucro &nbsp; &nbsp; En una marat\u00f3nica sesi\u00f3n, que demand\u00f3 m\u00e1s de 20 horas de debate, la C\u00e1mara de Diputados aprob\u00f3 un conjunto de proyectos, entre ellos la ley de etiquetado frontal de alimentos, que fue uno de los ejes&#8230;<\/p>\n","protected":false},"author":3,"featured_media":79037,"comment_status":"closed","ping_status":"closed","sticky":false,"template":"","format":"standard","meta":[],"categories":[18],"tags":[],"_links":{"self":[{"href":"https:\/\/www.actualidadadiario.com\/index.php\/wp-json\/wp\/v2\/posts\/79036"}],"collection":[{"href":"https:\/\/www.actualidadadiario.com\/index.php\/wp-json\/wp\/v2\/posts"}],"about":[{"href":"https:\/\/www.actualidadadiario.com\/index.php\/wp-json\/wp\/v2\/types\/post"}],"author":[{"embeddable":true,"href":"https:\/\/www.actualidadadiario.com\/index.php\/wp-json\/wp\/v2\/users\/3"}],"replies":[{"embeddable":true,"href":"https:\/\/www.actualidadadiario.com\/index.php\/wp-json\/wp\/v2\/comments?post=79036"}],"version-history":[{"count":1,"href":"https:\/\/www.actualidadadiario.com\/index.php\/wp-json\/wp\/v2\/posts\/79036\/revisions"}],"predecessor-version":[{"id":79038,"href":"https:\/\/www.actualidadadiario.com\/index.php\/wp-json\/wp\/v2\/posts\/79036\/revisions\/79038"}],"wp:featuredmedia":[{"embeddable":true,"href":"https:\/\/www.actualidadadiario.com\/index.php\/wp-json\/wp\/v2\/media\/79037"}],"wp:attachment":[{"href":"https:\/\/www.actualidadadiario.com\/index.php\/wp-json\/wp\/v2\/media?parent=79036"}],"wp:term":[{"taxonomy":"category","embeddable":true,"href":"https:\/\/www.actualidadadiario.com\/index.php\/wp-json\/wp\/v2\/categories?post=79036"},{"taxonomy":"post_tag","embeddable":true,"href":"https:\/\/www.actualidadadiario.com\/index.php\/wp-json\/wp\/v2\/tags?post=79036"}],"curies":[{"name":"wp","href":"https:\/\/api.w.org\/{rel}","templated":true}]}}