{"id":79024,"date":"2021-10-27T13:36:47","date_gmt":"2021-10-27T16:36:47","guid":{"rendered":"https:\/\/www.actualidadadiario.com\/?p=79024"},"modified":"2021-10-27T13:36:47","modified_gmt":"2021-10-27T16:36:47","slug":"manzur-y-de-pedro-se-reunen-con-20-gobernadores-para-garantizar-el-acuerdo-de-precios","status":"publish","type":"post","link":"https:\/\/www.actualidadadiario.com\/index.php\/2021\/10\/27\/manzur-y-de-pedro-se-reunen-con-20-gobernadores-para-garantizar-el-acuerdo-de-precios\/","title":{"rendered":"Manzur y De Pedro se re\u00fanen con 20 gobernadores para garantizar el acuerdo de precios"},"content":{"rendered":"<p style=\"text-align: center;\"><em><strong>El encuentro se enmarca en la decisi\u00f3n de la Casa Rosada de sumar a provincias, intendencias y asociaciones de consumidores al control de precios y abastecimiento de la canasta de 1.432 productos de consumo masivo<\/strong><\/em><\/p>\n<p>&nbsp;<\/p>\n<p>&nbsp;<\/p>\n<p>El jefe de Gabinete, Juan Manzur, y el ministro del Interior, Eduardo &#8220;Wado&#8221; de Pedro, encabezar\u00e1n esta tarde un encuentro con 20 gobernadores, con quienes firmar\u00e1n convenios para garantizar el cumplimiento de la resoluci\u00f3n de la Secretar\u00eda de Comercio Interior que dispuso acuerdo de precios de m\u00e1s de 1.400 productos de consumo masivo.<\/p>\n<p>La reuni\u00f3n se har\u00e1 bajo modalidad presencial y virtual, a partir de las 15 desde el Sal\u00f3n Eva Per\u00f3n de la Casa de Gobierno.<\/p>\n<p>El entendimiento se enmarca en la decisi\u00f3n de la Casa Rosada de sumar a provincias, intendencias y asociaciones de consumidores al control de precios y abastecimiento de la canasta de 1.432 productos de consumo masivo que anunci\u00f3 el secretario de Comercio Interior, Roberto Feletti.<\/p>\n<p>&#8220;El presidente nos encomend\u00f3 tanto a m\u00ed como al ministro coordinar las pol\u00edticas de precios junto a las provincias para defender el bolsillo de las familias argentinas&#8221;, se\u00f1al\u00f3 Manzur sobre el objetivo del encuentro.<\/p>\n<p>A su vez, el titular de la cartera de Interior resalt\u00f3 que &#8220;es necesario que los que pueden hacer un esfuerzo acompa\u00f1en a millones de familias argentinas que ya no pueden hacer ning\u00fan esfuerzo m\u00e1s. El acuerdo de precios debe ser federal y llegar a todo el pa\u00eds&#8221;, remarc\u00f3.<\/p>\n<p>Ya confirmaron su asistencia 20 mandatarios provinciales: Axel Kicillof (Buenos Aires), Ra\u00fal Jalil (Catamarca), Gustavo Bordet (Entre R\u00edos), Gildo Insfr\u00e1n (Formosa), Sergio Zillioto (La Pampa), Ricardo Quintela (La Rioja), Alicia Kirchner (Santa Cruz), Osvaldo Jaldo (Tucum\u00e1n) y Jorge Capitanich (Chaco).<\/p>\n<p>Tambi\u00e9n estar\u00e1n presentes Gerardo Morales (Jujuy), Omar Guti\u00e9rrez (Neuqu\u00e9n), Arabela Carreras (R\u00edo Negro), Gustavo Melella (Tierra del Fuego), Omar Perotti (Santa Fe), Sergio U\u00f1ac (San Juan), Mariano Arcioni (Chubut), Gustavo S\u00e1enz (Salta), Oscar Herrera Ahuad (Misiones), Gerardo Zamora (Santiago del Estero) y Gustavo Vald\u00e9s (Corrientes).<\/p>\n<p>La lista difundida se\u00f1ala que Horacio Rodr\u00edguez Larreta (CABA), Juan Schiaretti (C\u00f3rdoba) y Alberto Rodr\u00edguez Sa\u00e1 (San Luis) no confirmaron asistencia; mientras que el gobernador mendocino, Rodolfo Su\u00e1rez, se ausentar\u00e1 por &#8220;un compromiso de salud&#8221;.<\/p>\n<p>El martes, Feletti revel\u00f3 que el cumplimiento del congelamiento de precios se sit\u00faa por &#8220;arriba del 70%&#8221;.<\/p>\n<p>&#8220;El fin de semana y ayer recorrimos, y el acatamiento est\u00e1 arriba del 70%, lo cual es una media razonable&#8221;, destac\u00f3 el funcionario a la prensa, y se\u00f1al\u00f3 que el &#8220;monitoreo&#8221; continuar\u00e1 durante esta semana.<\/p>\n<p>Adem\u00e1s, afirm\u00f3 que ve con &#8220;preocupaci\u00f3n&#8221; la existencia de &#8220;dos grandes cadenas de supermercados&#8221; que &#8220;no quieren bajar sus m\u00e1rgenes de ganancia&#8221;, sin precisar los nombres de las firmas en cuesti\u00f3n.<\/p>\n<p>&#8220;Eso es una conducta antisocial, lo estamos viendo con preocupaci\u00f3n y vamos a intervenir&#8221;, dijo el titular de Comercio Interior, quien adelant\u00f3 que antes de identificarlas, hablar\u00e1 &#8220;personalmente&#8221; con los directivos de cada firma.<\/p>\n","protected":false},"excerpt":{"rendered":"<p>El encuentro se enmarca en la decisi\u00f3n de la Casa Rosada de sumar a provincias, intendencias y asociaciones de consumidores al control de precios y abastecimiento de la canasta de 1.432 productos de consumo masivo &nbsp; &nbsp; El jefe de Gabinete, Juan Manzur, y el ministro del Interior, Eduardo &#8220;Wado&#8221; de Pedro, encabezar\u00e1n esta tarde un encuentro con 20 gobernadores, con quienes firmar\u00e1n convenios para garantizar el cumplimiento de la resoluci\u00f3n de la Secretar\u00eda de Comercio Interior que dispuso acuerdo de precios de m\u00e1s de 1.400 productos de consumo masivo&#8230;.<\/p>\n","protected":false},"author":3,"featured_media":79025,"comment_status":"closed","ping_status":"closed","sticky":false,"template":"","format":"standard","meta":[],"categories":[9],"tags":[],"_links":{"self":[{"href":"https:\/\/www.actualidadadiario.com\/index.php\/wp-json\/wp\/v2\/posts\/79024"}],"collection":[{"href":"https:\/\/www.actualidadadiario.com\/index.php\/wp-json\/wp\/v2\/posts"}],"about":[{"href":"https:\/\/www.actualidadadiario.com\/index.php\/wp-json\/wp\/v2\/types\/post"}],"author":[{"embeddable":true,"href":"https:\/\/www.actualidadadiario.com\/index.php\/wp-json\/wp\/v2\/users\/3"}],"replies":[{"embeddable":true,"href":"https:\/\/www.actualidadadiario.com\/index.php\/wp-json\/wp\/v2\/comments?post=79024"}],"version-history":[{"count":1,"href":"https:\/\/www.actualidadadiario.com\/index.php\/wp-json\/wp\/v2\/posts\/79024\/revisions"}],"predecessor-version":[{"id":79026,"href":"https:\/\/www.actualidadadiario.com\/index.php\/wp-json\/wp\/v2\/posts\/79024\/revisions\/79026"}],"wp:featuredmedia":[{"embeddable":true,"href":"https:\/\/www.actualidadadiario.com\/index.php\/wp-json\/wp\/v2\/media\/79025"}],"wp:attachment":[{"href":"https:\/\/www.actualidadadiario.com\/index.php\/wp-json\/wp\/v2\/media?parent=79024"}],"wp:term":[{"taxonomy":"category","embeddable":true,"href":"https:\/\/www.actualidadadiario.com\/index.php\/wp-json\/wp\/v2\/categories?post=79024"},{"taxonomy":"post_tag","embeddable":true,"href":"https:\/\/www.actualidadadiario.com\/index.php\/wp-json\/wp\/v2\/tags?post=79024"}],"curies":[{"name":"wp","href":"https:\/\/api.w.org\/{rel}","templated":true}]}}