{"id":79018,"date":"2021-10-27T13:35:15","date_gmt":"2021-10-27T16:35:15","guid":{"rendered":"https:\/\/www.actualidadadiario.com\/?p=79018"},"modified":"2021-10-27T13:35:15","modified_gmt":"2021-10-27T16:35:15","slug":"bayer-anuncio-inversiones-en-la-argentina-por-us150-millones","status":"publish","type":"post","link":"https:\/\/www.actualidadadiario.com\/index.php\/2021\/10\/27\/bayer-anuncio-inversiones-en-la-argentina-por-us150-millones\/","title":{"rendered":"Bayer anunci\u00f3 inversiones en la Argentina por u$s150 millones"},"content":{"rendered":"<p style=\"text-align: center;\"><em><strong>Se destinar\u00e1n a nuevos desarrollos y mejoras en procesos productivos en todas sus operaciones enfocados en el abastecimiento del mercado interno<\/strong><\/em><\/p>\n<p>&nbsp;<\/p>\n<p>&nbsp;<\/p>\n<p>La multinacional Bayer anunci\u00f3 hoy inversiones en la Argentina por u$s50 millones para los pr\u00f3ximos tres a\u00f1os, que se destinar\u00e1n a nuevos desarrollos y mejoras en procesos productivos en todas sus operaciones enfocados en el abastecimiento del mercado interno, la sustituci\u00f3n de importaciones y el aumento de las exportaciones.<\/p>\n<p>El anuncio se realiz\u00f3 en un acto llevado a cabo en la planta industrial de la empresa en el partido bonaerense de Pilar, con la presencia del jefe de Gabinete, Juan Manzur; el ministro de Desarrollo Productivo, Mat\u00edas Kulfas; el intendente local, Federico Ach\u00e1val; y el embajador de Alemania en Argentina, Ullrich Sante.<\/p>\n<p>&#8220;Reforzamos nuestro compromiso de largo plazo en Argentina, compartiendo con la comunidad nuestro plan de inversiones para los pr\u00f3ximos a\u00f1os&#8221;, destac\u00f3 Juan Farinati, l\u00edder de la divisi\u00f3n Agro y futuro director ejecutivo de Bayer para Argentina a partir de noviembre pr\u00f3ximo.<\/p>\n<p>El plan de inversiones tendr\u00e1 un foco especial en innovaci\u00f3n, digitalizaci\u00f3n y sustentabilidad, alineado con la estrategia global de la empresa, guiada por su misi\u00f3n &#8220;Ciencia para una vida mejor&#8221;.<\/p>\n<p>Como parte de este plan se potenciar\u00e1 la capacidad productiva y la gesti\u00f3n operativa de las plantas industriales de Pilar, Mar\u00eda Eugenia (Rojas) y Z\u00e1rate, todas en la provincia de Buenos Aires.<\/p>\n<p>As\u00ed, &#8220;decenas de peque\u00f1as y medianas empresas argentinas ser\u00e1n parte esencial en la implementaci\u00f3n de este proceso, ya que el 70% de la inversi\u00f3n ser\u00e1 contratada localmente&#8221;, puntualiz\u00f3 Bayer en un comunicado.<\/p>\n<p>&#8220;En la planta de productos farmac\u00e9uticos de Pilar, la f\u00e1brica de comprimidos m\u00e1s grande de Sudam\u00e9rica y una de las tres m\u00e1s importantes del mundo en su tipo, donde se concentra principalmente la producci\u00f3n de multivitam\u00ednicos y analg\u00e9sicos, aumentaremos nuestras inversiones&#8221;, subray\u00f3 Farinati.<\/p>\n<p>De esta manera, remarc\u00f3 que esto permitir\u00e1 &#8220;la ampliaci\u00f3n en la capacidad productiva, mejoras en los procesos aplicando ciencia de datos, nuevas tecnolog\u00edas y fluidez digital con los m\u00e1s altos est\u00e1ndares de gesti\u00f3n y de calidad biom\u00e9dica&#8221;, afirm\u00f3 el ejecutivo.<\/p>\n","protected":false},"excerpt":{"rendered":"<p>Se destinar\u00e1n a nuevos desarrollos y mejoras en procesos productivos en todas sus operaciones enfocados en el abastecimiento del mercado interno &nbsp; &nbsp; La multinacional Bayer anunci\u00f3 hoy inversiones en la Argentina por u$s50 millones para los pr\u00f3ximos tres a\u00f1os, que se destinar\u00e1n a nuevos desarrollos y mejoras en procesos productivos en todas sus operaciones enfocados en el abastecimiento del mercado interno, la sustituci\u00f3n de importaciones y el aumento de las exportaciones. El anuncio se realiz\u00f3 en un acto llevado a cabo en la planta industrial de la empresa en&#8230;<\/p>\n","protected":false},"author":3,"featured_media":79019,"comment_status":"closed","ping_status":"closed","sticky":false,"template":"","format":"standard","meta":[],"categories":[2],"tags":[],"_links":{"self":[{"href":"https:\/\/www.actualidadadiario.com\/index.php\/wp-json\/wp\/v2\/posts\/79018"}],"collection":[{"href":"https:\/\/www.actualidadadiario.com\/index.php\/wp-json\/wp\/v2\/posts"}],"about":[{"href":"https:\/\/www.actualidadadiario.com\/index.php\/wp-json\/wp\/v2\/types\/post"}],"author":[{"embeddable":true,"href":"https:\/\/www.actualidadadiario.com\/index.php\/wp-json\/wp\/v2\/users\/3"}],"replies":[{"embeddable":true,"href":"https:\/\/www.actualidadadiario.com\/index.php\/wp-json\/wp\/v2\/comments?post=79018"}],"version-history":[{"count":1,"href":"https:\/\/www.actualidadadiario.com\/index.php\/wp-json\/wp\/v2\/posts\/79018\/revisions"}],"predecessor-version":[{"id":79020,"href":"https:\/\/www.actualidadadiario.com\/index.php\/wp-json\/wp\/v2\/posts\/79018\/revisions\/79020"}],"wp:featuredmedia":[{"embeddable":true,"href":"https:\/\/www.actualidadadiario.com\/index.php\/wp-json\/wp\/v2\/media\/79019"}],"wp:attachment":[{"href":"https:\/\/www.actualidadadiario.com\/index.php\/wp-json\/wp\/v2\/media?parent=79018"}],"wp:term":[{"taxonomy":"category","embeddable":true,"href":"https:\/\/www.actualidadadiario.com\/index.php\/wp-json\/wp\/v2\/categories?post=79018"},{"taxonomy":"post_tag","embeddable":true,"href":"https:\/\/www.actualidadadiario.com\/index.php\/wp-json\/wp\/v2\/tags?post=79018"}],"curies":[{"name":"wp","href":"https:\/\/api.w.org\/{rel}","templated":true}]}}