{"id":79015,"date":"2021-10-27T13:34:33","date_gmt":"2021-10-27T16:34:33","guid":{"rendered":"https:\/\/www.actualidadadiario.com\/?p=79015"},"modified":"2021-10-27T13:34:33","modified_gmt":"2021-10-27T16:34:33","slug":"terremoto-en-el-calafate-en-8-horas-se-registraron-tres-sismos","status":"publish","type":"post","link":"https:\/\/www.actualidadadiario.com\/index.php\/2021\/10\/27\/terremoto-en-el-calafate-en-8-horas-se-registraron-tres-sismos\/","title":{"rendered":"Terremoto en El Calafate: en 8 horas se registraron tres sismos"},"content":{"rendered":"<p style=\"text-align: center;\"><em><strong>Los movimientos s\u00edsmicos tuvieron una diferencia de entre cuatro y cinco horas entre ellos. El domingo 17 de octubre t\u00e9cnicos y cient\u00edficos del Inpres colocaron el primer sism\u00f3grafo a unos 27 km al suroeste de El Calafate<\/strong><\/em><\/p>\n<p>&nbsp;<\/p>\n<p>&nbsp;<\/p>\n<p>&nbsp;<\/p>\n<p>El Calafate registr\u00f3 tres sismos en el lapso de 8 horas durante esta madrugada y ma\u00f1ana. Los temblores fueron captados por las nuevas estaciones sismogr\u00e1ficas localizadas aqu\u00ed por el Inpres. El m\u00e1s reciente fue a las 09:15.<\/p>\n<p>&nbsp;<\/p>\n<p><strong>Terremoto en El Calafate<\/strong><\/p>\n<p>El primer movimiento s\u00edsmico se registr\u00f3 a las 01:16, con una magnitud de 3.1 a 30 km al oeste de El Calafate; en tanto que a las 04:39 se produjo un segundo temblor localizado a 23 km al oeste de la ciudad, la magnitud fue de 3.0.<\/p>\n<p>A las 09:15 horas la ciudad volvi\u00f3 a temblar, pero \u00e9ste \u00faltimo episodio a\u00fan no fue reportado por el Inpres. Seg\u00fan la escala Mercalli, la intensidad fue d\u00e9bil, y se sinti\u00f3 levemente por algunas personas en reposo o en edificios.<\/p>\n<p>En este marco, es preciso recordar que la semana pasada el Gobierno de Santa Cruz y el INPRES instalaron en la zona dos estaciones que transmiten datos las 24 horas del d\u00eda y registran los movimientos s\u00edsmicos, lo cual permite conocer las amenazas.<\/p>\n<p>&nbsp;<\/p>\n<p><strong>Sismo <\/strong><\/p>\n<p>El fen\u00f3meno alert\u00f3 a las autoridades provinciales que puso en marcha un convenio con el Inpres Instituto Nacional de Prevenci\u00f3n S\u00edsmica para que realizaran un relevamiento en la zona afectada.<\/p>\n","protected":false},"excerpt":{"rendered":"<p>Los movimientos s\u00edsmicos tuvieron una diferencia de entre cuatro y cinco horas entre ellos. El domingo 17 de octubre t\u00e9cnicos y cient\u00edficos del Inpres colocaron el primer sism\u00f3grafo a unos 27 km al suroeste de El Calafate &nbsp; &nbsp; &nbsp; El Calafate registr\u00f3 tres sismos en el lapso de 8 horas durante esta madrugada y ma\u00f1ana. Los temblores fueron captados por las nuevas estaciones sismogr\u00e1ficas localizadas aqu\u00ed por el Inpres. El m\u00e1s reciente fue a las 09:15. &nbsp; Terremoto en El Calafate El primer movimiento s\u00edsmico se registr\u00f3 a las&#8230;<\/p>\n","protected":false},"author":3,"featured_media":79016,"comment_status":"closed","ping_status":"closed","sticky":false,"template":"","format":"standard","meta":[],"categories":[2],"tags":[],"_links":{"self":[{"href":"https:\/\/www.actualidadadiario.com\/index.php\/wp-json\/wp\/v2\/posts\/79015"}],"collection":[{"href":"https:\/\/www.actualidadadiario.com\/index.php\/wp-json\/wp\/v2\/posts"}],"about":[{"href":"https:\/\/www.actualidadadiario.com\/index.php\/wp-json\/wp\/v2\/types\/post"}],"author":[{"embeddable":true,"href":"https:\/\/www.actualidadadiario.com\/index.php\/wp-json\/wp\/v2\/users\/3"}],"replies":[{"embeddable":true,"href":"https:\/\/www.actualidadadiario.com\/index.php\/wp-json\/wp\/v2\/comments?post=79015"}],"version-history":[{"count":1,"href":"https:\/\/www.actualidadadiario.com\/index.php\/wp-json\/wp\/v2\/posts\/79015\/revisions"}],"predecessor-version":[{"id":79017,"href":"https:\/\/www.actualidadadiario.com\/index.php\/wp-json\/wp\/v2\/posts\/79015\/revisions\/79017"}],"wp:featuredmedia":[{"embeddable":true,"href":"https:\/\/www.actualidadadiario.com\/index.php\/wp-json\/wp\/v2\/media\/79016"}],"wp:attachment":[{"href":"https:\/\/www.actualidadadiario.com\/index.php\/wp-json\/wp\/v2\/media?parent=79015"}],"wp:term":[{"taxonomy":"category","embeddable":true,"href":"https:\/\/www.actualidadadiario.com\/index.php\/wp-json\/wp\/v2\/categories?post=79015"},{"taxonomy":"post_tag","embeddable":true,"href":"https:\/\/www.actualidadadiario.com\/index.php\/wp-json\/wp\/v2\/tags?post=79015"}],"curies":[{"name":"wp","href":"https:\/\/api.w.org\/{rel}","templated":true}]}}