{"id":79012,"date":"2021-10-27T13:33:48","date_gmt":"2021-10-27T16:33:48","guid":{"rendered":"https:\/\/www.actualidadadiario.com\/?p=79012"},"modified":"2021-10-27T13:33:48","modified_gmt":"2021-10-27T16:33:48","slug":"autorizaron-la-apertura-del-paso-terrestre-paso-de-los-libres-uruguayana","status":"publish","type":"post","link":"https:\/\/www.actualidadadiario.com\/index.php\/2021\/10\/27\/autorizaron-la-apertura-del-paso-terrestre-paso-de-los-libres-uruguayana\/","title":{"rendered":"Autorizaron la apertura del paso terrestre Paso de los Libres-Uruguayana"},"content":{"rendered":"<p style=\"text-align: center;\"><em><strong>En el marco de la liberaci\u00f3n de actividades ante la baja de contagios por el coronavirus, se autoriz\u00f3 la apertura del paso terrestre, como &#8220;corredor seguro internacional&#8221; para el ingreso al pa\u00eds<\/strong><\/em><\/p>\n<p>&nbsp;<\/p>\n<p>&nbsp;<\/p>\n<p>El Gobierno nacional autoriz\u00f3 a partir de este mi\u00e9rcoles la apertura del paso terrestre Paso de los Libres, en Corrientes, lindante con la localidad brasile\u00f1a de Uruguayana, como &#8220;corredor seguro internacional&#8221; para el ingreso al pa\u00eds, en el marco de la liberaci\u00f3n de actividades ante la baja de contagios por el coronavirus.<\/p>\n<p>La autorizaci\u00f3n fue decidida por el jefe de Gabinete, Juan Manzur, por la decisi\u00f3n administrativa 1.040, publicada este mi\u00e9rcoles en el Bolet\u00edn Oficial.<\/p>\n<p>En declaraciones a la prensa acreditada en Casa Rosada, la directora nacional de Migraciones, Florencia Carignano, se\u00f1al\u00f3 que se trata de uno de los pasos &#8220;m\u00e1s importantes&#8221;, por donde circula mucho transporte &#8220;de camiones pero tambi\u00e9n turismo&#8221;.<\/p>\n<p>&#8220;Estamos por abrir Salvador Mazza (paso lim\u00edtrofe con Bolivia), el Aeropuerto de Salta, y el de Santa Fe. Tambi\u00e9n nos han solicitado (apertura) el Aeropuerto de San Juan y el de El Calafate&#8221;, a\u00f1adi\u00f3 la funcionaria.<\/p>\n<p>Luego se\u00f1al\u00f3 que la apertura es &#8220;paulatina&#8221;, &#8220;a medida que los pasos fronterizos tienen la seguridad sanitaria que solicita el Ministerio de Salud&#8221;.<\/p>\n<p>Respecto de los requisitos para el ingreso, record\u00f3 que extranjeros deben contar &#8220;con esquema de vacunaci\u00f3n completo&#8221; y para los argentinos que no tengan el esquema completo, &#8220;todav\u00eda rige el test de ant\u00edgenos&#8221;.<\/p>\n<p>Sobre la posibilidad de vacunar a extranjeros, Carignano se\u00f1al\u00f3 que la ministra Carla Vizzotti habl\u00f3 &#8220;respecto de los menores&#8221; que llega al pa\u00eds.<\/p>\n<p>&#8220;Recuerden que los menores que llegan como turistas tienen que hacer cuarentena. La idea es que estos menores que llegan con sus padres vacunados puedan vacunarse en la Argentina&#8221;, a\u00f1adi\u00f3.<\/p>\n<p>Sobre la norma publicada hoy se recuerda que por decreto 274\/20 y sus modificatorios y complementarios y sus sucesivas pr\u00f3rrogas se estableci\u00f3 la prohibici\u00f3n de ingreso al territorio nacional de personas extranjeras no residentes en el pa\u00eds por medio de puertos, aeropuertos, pasos internacionales, centros de frontera y cualquier otro punto de acceso, hasta el d\u00eda 31 de octubre de este a\u00f1o.<\/p>\n<p>Solo se exceptu\u00f3 a las personas nacionales o residentes de pa\u00edses lim\u00edtrofes, siempre que cumplan con las indicaciones, recomendaciones y requisitos sanitarios y migratorios para el ingreso y permanencia en el pa\u00eds establecidos.<\/p>\n<p>La apertura se hizo a propuesta del Gobierno de Corrientes y fue aceptada por el Ministerio de Salud de la Naci\u00f3n &#8220;en observancia de los cuidados y prevenciones pertinentes, estipulados en el protocolo confeccionado&#8221; para esos casos en el marco de la pandemia de coronavirus.<\/p>\n","protected":false},"excerpt":{"rendered":"<p>En el marco de la liberaci\u00f3n de actividades ante la baja de contagios por el coronavirus, se autoriz\u00f3 la apertura del paso terrestre, como &#8220;corredor seguro internacional&#8221; para el ingreso al pa\u00eds &nbsp; &nbsp; El Gobierno nacional autoriz\u00f3 a partir de este mi\u00e9rcoles la apertura del paso terrestre Paso de los Libres, en Corrientes, lindante con la localidad brasile\u00f1a de Uruguayana, como &#8220;corredor seguro internacional&#8221; para el ingreso al pa\u00eds, en el marco de la liberaci\u00f3n de actividades ante la baja de contagios por el coronavirus. La autorizaci\u00f3n fue decidida&#8230;<\/p>\n","protected":false},"author":3,"featured_media":79013,"comment_status":"closed","ping_status":"closed","sticky":false,"template":"","format":"standard","meta":[],"categories":[2],"tags":[],"_links":{"self":[{"href":"https:\/\/www.actualidadadiario.com\/index.php\/wp-json\/wp\/v2\/posts\/79012"}],"collection":[{"href":"https:\/\/www.actualidadadiario.com\/index.php\/wp-json\/wp\/v2\/posts"}],"about":[{"href":"https:\/\/www.actualidadadiario.com\/index.php\/wp-json\/wp\/v2\/types\/post"}],"author":[{"embeddable":true,"href":"https:\/\/www.actualidadadiario.com\/index.php\/wp-json\/wp\/v2\/users\/3"}],"replies":[{"embeddable":true,"href":"https:\/\/www.actualidadadiario.com\/index.php\/wp-json\/wp\/v2\/comments?post=79012"}],"version-history":[{"count":1,"href":"https:\/\/www.actualidadadiario.com\/index.php\/wp-json\/wp\/v2\/posts\/79012\/revisions"}],"predecessor-version":[{"id":79014,"href":"https:\/\/www.actualidadadiario.com\/index.php\/wp-json\/wp\/v2\/posts\/79012\/revisions\/79014"}],"wp:featuredmedia":[{"embeddable":true,"href":"https:\/\/www.actualidadadiario.com\/index.php\/wp-json\/wp\/v2\/media\/79013"}],"wp:attachment":[{"href":"https:\/\/www.actualidadadiario.com\/index.php\/wp-json\/wp\/v2\/media?parent=79012"}],"wp:term":[{"taxonomy":"category","embeddable":true,"href":"https:\/\/www.actualidadadiario.com\/index.php\/wp-json\/wp\/v2\/categories?post=79012"},{"taxonomy":"post_tag","embeddable":true,"href":"https:\/\/www.actualidadadiario.com\/index.php\/wp-json\/wp\/v2\/tags?post=79012"}],"curies":[{"name":"wp","href":"https:\/\/api.w.org\/{rel}","templated":true}]}}