{"id":79007,"date":"2021-10-27T13:32:14","date_gmt":"2021-10-27T16:32:14","guid":{"rendered":"https:\/\/www.actualidadadiario.com\/?p=79007"},"modified":"2021-10-27T13:32:14","modified_gmt":"2021-10-27T16:32:14","slug":"el-consumo-en-supermercados-crece-respecto-al-2019","status":"publish","type":"post","link":"https:\/\/www.actualidadadiario.com\/index.php\/2021\/10\/27\/el-consumo-en-supermercados-crece-respecto-al-2019\/","title":{"rendered":"El consumo en supermercados crece respecto al 2019"},"content":{"rendered":"<p style=\"text-align: center;\"><em><strong>Agosto fue un mes flojo en t\u00e9rminos de consumo, aunque se va observando una recuperaci\u00f3n lenta, de la mano de las paritarias y el atraso cambiario. En lo que va del a\u00f1o, las compras en estos locales ya superaron los niveles previos a la pandemia<\/strong><\/em><\/p>\n<p>&nbsp;<\/p>\n<p>&nbsp;<\/p>\n<p>&nbsp;<\/p>\n<p>Agosto no fue un gran mes para el consumo, aunque aun as\u00ed dej\u00f3 algunos datos positivos. El Indec public\u00f3 los primeros n\u00fameros oficiales del mes, referidos a las ventas de supermercados y shoppings, que tuvieron variaciones positivas en la comparaci\u00f3n interanual: mejora de 4,5% en los s\u00faper, acelerando respecto a julio y de hecho marcando la mayor suba de los \u00faltimos 15 meses; de 2,4% en los mayoristas; y de 245% en los centros de compra. Hasta ah\u00ed, resulta bastante obvio porque el 2020 fue un a\u00f1o hist\u00f3ricamente bajo. Pero la comparaci\u00f3n tambi\u00e9n es positiva, en el caso de los supermercados, al mirar los primeros 8 meses del a\u00f1o contra los niveles del 2019.<\/p>\n<p>Los datos fueron publicados por el Indec a trav\u00e9s de las encuestas de Supermercados y Centros de Compra, correspondientes a agosto. En los supermercados, las ventas alcanzaron los $23.990 millones, lo que implic\u00f3 una mejora de 4,5% en t\u00e9rminos reales al comparar con agosto del 2020. Pero, sin embargo, una ca\u00edda de 1,4% respecto al mismo mes del 2019. Lo que se dice un mes flojo, teniendo en cuenta la cercan\u00eda de la contienda electoral de las PASO.<\/p>\n<p>Pero, al tomar la comparaci\u00f3n de los primeros 8 meses del a\u00f1o, las ventas treparon hasta $882.449 millones, lo que signific\u00f3 una contracci\u00f3n de 0,5% contra el 2020, lo que obliga a tener en cuenta que el consumo en supermercados lleg\u00f3 incluso a crecer en la primera ola porque eran las compras de esenciales los \u00fanicos que otorgaban permiso para moverse.<\/p>\n<p>De hecho, en marzo del 2020, en los primeros d\u00edas de Fase 1, en parte por el miedo y la tendencia abastecerse de m\u00e1s, las ventas llegaron a crecer 9,5% anual. En cambio, en agosto, con la crisis econ\u00f3mica ya azotando, hubo una baja de 5,7%. De ah\u00ed que la comparaci\u00f3n interanual publicada ahora en por el Indec resulta obvia en su mejora.<\/p>\n<p>Pero, en cambio, el dato acumulado para las ventas en lo que va del 2021, es decir el lapso enero-agosto, que comenz\u00f3 a marcar un repunte a partir de junio, es decir una vez que finaliz\u00f3 la segunda ola, signific\u00f3 una mejora de 1% respecto al mismo per\u00edodo del 2019.<\/p>\n<p>Los n\u00fameros, que fueron los primeros oficiales en publicarse para la din\u00e1mica del gasto de los hogares, van de la mano con lo que observaron las consultoras privadas tambi\u00e9n en agosto. De hecho, el consumo viene siendo el factor clave de la demanda agregada en el segundo semestre, a la par del freno en la inversi\u00f3n.<\/p>\n<p>Desde la consultora PxQ se\u00f1alaron que el \u00cdndice de Consumo de la consultora creci\u00f3 0,6% mensual desestacionalizado. Exactamente lo mismo marc\u00f3 el \u00cdndice Mensual de Consumo (IMC) del Instituto de Trabajo y Econom\u00eda de la Fundaci\u00f3n Germ\u00e1n Abdala (ITE-FGA).<\/p>\n<p>Desde el Observatorio de Coyuntura Econ\u00f3mica y Pol\u00edticas y P\u00fablicas (Ocepp) se\u00f1alaron que ese rebote viene siendo muy peque\u00f1o, lo que tiene impacto en los indicadores sociales que peor resultado mostraron, como la pobreza y la indigencia, aunque tambi\u00e9n reconocieron que hay limitaciones al margen de maniobra oficial.<\/p>\n<p>Se\u00f1alaron al respecto: \u201cA pesar de que ciertas variables vienen mejorando respecto a la crisis del COVID-19, los altos niveles de pobreza, desempleo y la fragilidad social que se deterioraron fuertemente desde el 2018, exigen una recuperaci\u00f3n m\u00e1s veloz. Sin embargo, ante tales urgencias, los m\u00e1rgenes de maniobra para pol\u00edticas de ingresos se ven fuertemente condicionadas por las tensiones del frente externo, con escasas reservas, brechas cambiarias elevadas y un mega endeudamiento pendiente de reestructuraci\u00f3n con el FMI\u201d.<\/p>\n","protected":false},"excerpt":{"rendered":"<p>Agosto fue un mes flojo en t\u00e9rminos de consumo, aunque se va observando una recuperaci\u00f3n lenta, de la mano de las paritarias y el atraso cambiario. En lo que va del a\u00f1o, las compras en estos locales ya superaron los niveles previos a la pandemia &nbsp; &nbsp; &nbsp; Agosto no fue un gran mes para el consumo, aunque aun as\u00ed dej\u00f3 algunos datos positivos. El Indec public\u00f3 los primeros n\u00fameros oficiales del mes, referidos a las ventas de supermercados y shoppings, que tuvieron variaciones positivas en la comparaci\u00f3n interanual: mejora&#8230;<\/p>\n","protected":false},"author":3,"featured_media":49612,"comment_status":"closed","ping_status":"closed","sticky":false,"template":"","format":"standard","meta":[],"categories":[2],"tags":[],"_links":{"self":[{"href":"https:\/\/www.actualidadadiario.com\/index.php\/wp-json\/wp\/v2\/posts\/79007"}],"collection":[{"href":"https:\/\/www.actualidadadiario.com\/index.php\/wp-json\/wp\/v2\/posts"}],"about":[{"href":"https:\/\/www.actualidadadiario.com\/index.php\/wp-json\/wp\/v2\/types\/post"}],"author":[{"embeddable":true,"href":"https:\/\/www.actualidadadiario.com\/index.php\/wp-json\/wp\/v2\/users\/3"}],"replies":[{"embeddable":true,"href":"https:\/\/www.actualidadadiario.com\/index.php\/wp-json\/wp\/v2\/comments?post=79007"}],"version-history":[{"count":1,"href":"https:\/\/www.actualidadadiario.com\/index.php\/wp-json\/wp\/v2\/posts\/79007\/revisions"}],"predecessor-version":[{"id":79008,"href":"https:\/\/www.actualidadadiario.com\/index.php\/wp-json\/wp\/v2\/posts\/79007\/revisions\/79008"}],"wp:featuredmedia":[{"embeddable":true,"href":"https:\/\/www.actualidadadiario.com\/index.php\/wp-json\/wp\/v2\/media\/49612"}],"wp:attachment":[{"href":"https:\/\/www.actualidadadiario.com\/index.php\/wp-json\/wp\/v2\/media?parent=79007"}],"wp:term":[{"taxonomy":"category","embeddable":true,"href":"https:\/\/www.actualidadadiario.com\/index.php\/wp-json\/wp\/v2\/categories?post=79007"},{"taxonomy":"post_tag","embeddable":true,"href":"https:\/\/www.actualidadadiario.com\/index.php\/wp-json\/wp\/v2\/tags?post=79007"}],"curies":[{"name":"wp","href":"https:\/\/api.w.org\/{rel}","templated":true}]}}