{"id":79001,"date":"2021-10-26T13:34:09","date_gmt":"2021-10-26T16:34:09","guid":{"rendered":"https:\/\/www.actualidadadiario.com\/?p=79001"},"modified":"2021-10-26T13:34:09","modified_gmt":"2021-10-26T16:34:09","slug":"el-lunes-comienza-el-ultimo-periodo-de-inscripcion-de-aspirantes-a-guarda","status":"publish","type":"post","link":"https:\/\/www.actualidadadiario.com\/index.php\/2021\/10\/26\/el-lunes-comienza-el-ultimo-periodo-de-inscripcion-de-aspirantes-a-guarda\/","title":{"rendered":"El lunes comienza el \u00faltimo per\u00edodo de inscripci\u00f3n de aspirantes a guarda"},"content":{"rendered":"<p><em><strong>Desde el pr\u00f3ximo lunes 1 de noviembre y hasta el viernes 12 inclusive, estar\u00e1 abierta la cuarta y \u00faltima convocatoria del a\u00f1o para recibir solicitudes de inscripci\u00f3n al Registro \u00danico de Aspirantes a Guarda con Fines Adoptivos de la Provincia de Entre R\u00edos (RUAER). La misma se llevar\u00e1 a cabo por modalidad virtual y en exclusiva para personas domiciliadas en Entre R\u00edos<\/strong><\/em><\/p>\n<p>&nbsp;<\/p>\n<p>&nbsp;<\/p>\n<p>En esta oportunidad se realizar\u00e1 con antelaci\u00f3n un encuentro informativo destinado a quienes deseen inscribirse y a los fines de brindar detalle de los pasos y requisitos para iniciar el tr\u00e1mite y sobre la realidad de la adopci\u00f3n.<\/p>\n<p>Este encuentro no reviste car\u00e1cter obligatorio y tendr\u00e1 lugar el pr\u00f3ximo jueves 28 de octubre, a partir de las 15:00 hs, y se podr\u00e1 acceder en el siguiente enlace:<\/p>\n<p>https:\/\/us02web.zoom.us\/j\/85127401218?pwd=ZVE4Z0pQWFZER2F5ZExiUkJlV3BYZz09<\/p>\n<p>ID de reuni\u00f3n: 851 2740 1218<\/p>\n<p>C\u00f3digo de acceso: 387832<\/p>\n<p>Luego, y en el per\u00edodo indicado se habilitar\u00e1 la inscripci\u00f3n a trav\u00e9s del formulario que estar\u00e1 disponible en https:\/\/inscripcionruaer.jusentrerios.gov.ar\/ debiendo acompa\u00f1ar con la documental que all\u00ed se indica.<\/p>\n<p>Pueden acceder a toda la informaci\u00f3n referente a los requisitos a presentar en la p\u00e1gina web del Ministerio P\u00fablico de la Defensa (http:\/\/mpd.jusentrerios.gov.ar) o realizar consultas de lunes a viernes, de 7 a 13, a los tel\u00e9fonos: (0343) 4209575\/576.,por correo electr\u00f3nico (ruaer@jusentrerios.gov.ar) o a trav\u00e9s de mensajes por whatsapp al 549 343 5329475.<\/p>\n<p>Tambi\u00e9n est\u00e1n disponibles las redes sociales: en Instagram como @ruaer_mpd y en Facebook: Registro de Adoptantes de Entre R\u00edos- RUAER.<\/p>\n","protected":false},"excerpt":{"rendered":"<p>Desde el pr\u00f3ximo lunes 1 de noviembre y hasta el viernes 12 inclusive, estar\u00e1 abierta la cuarta y \u00faltima convocatoria del a\u00f1o para recibir solicitudes de inscripci\u00f3n al Registro \u00danico de Aspirantes a Guarda con Fines Adoptivos de la Provincia de Entre R\u00edos (RUAER). La misma se llevar\u00e1 a cabo por modalidad virtual y en exclusiva para personas domiciliadas en Entre R\u00edos &nbsp; &nbsp; En esta oportunidad se realizar\u00e1 con antelaci\u00f3n un encuentro informativo destinado a quienes deseen inscribirse y a los fines de brindar detalle de los pasos y&#8230;<\/p>\n","protected":false},"author":3,"featured_media":79002,"comment_status":"closed","ping_status":"closed","sticky":false,"template":"","format":"standard","meta":[],"categories":[1],"tags":[],"_links":{"self":[{"href":"https:\/\/www.actualidadadiario.com\/index.php\/wp-json\/wp\/v2\/posts\/79001"}],"collection":[{"href":"https:\/\/www.actualidadadiario.com\/index.php\/wp-json\/wp\/v2\/posts"}],"about":[{"href":"https:\/\/www.actualidadadiario.com\/index.php\/wp-json\/wp\/v2\/types\/post"}],"author":[{"embeddable":true,"href":"https:\/\/www.actualidadadiario.com\/index.php\/wp-json\/wp\/v2\/users\/3"}],"replies":[{"embeddable":true,"href":"https:\/\/www.actualidadadiario.com\/index.php\/wp-json\/wp\/v2\/comments?post=79001"}],"version-history":[{"count":1,"href":"https:\/\/www.actualidadadiario.com\/index.php\/wp-json\/wp\/v2\/posts\/79001\/revisions"}],"predecessor-version":[{"id":79003,"href":"https:\/\/www.actualidadadiario.com\/index.php\/wp-json\/wp\/v2\/posts\/79001\/revisions\/79003"}],"wp:featuredmedia":[{"embeddable":true,"href":"https:\/\/www.actualidadadiario.com\/index.php\/wp-json\/wp\/v2\/media\/79002"}],"wp:attachment":[{"href":"https:\/\/www.actualidadadiario.com\/index.php\/wp-json\/wp\/v2\/media?parent=79001"}],"wp:term":[{"taxonomy":"category","embeddable":true,"href":"https:\/\/www.actualidadadiario.com\/index.php\/wp-json\/wp\/v2\/categories?post=79001"},{"taxonomy":"post_tag","embeddable":true,"href":"https:\/\/www.actualidadadiario.com\/index.php\/wp-json\/wp\/v2\/tags?post=79001"}],"curies":[{"name":"wp","href":"https:\/\/api.w.org\/{rel}","templated":true}]}}