{"id":790,"date":"2016-09-07T09:49:54","date_gmt":"2016-09-07T12:49:54","guid":{"rendered":"http:\/\/actualidadadiario.com\/site\/?p=790"},"modified":"2016-09-07T09:49:54","modified_gmt":"2016-09-07T12:49:54","slug":"las-chicanas-de-tres-liberales-contra-massa-por-las-importaciones","status":"publish","type":"post","link":"https:\/\/www.actualidadadiario.com\/index.php\/2016\/09\/07\/las-chicanas-de-tres-liberales-contra-massa-por-las-importaciones\/","title":{"rendered":"Las chicanas de tres liberales contra Massa por las importaciones"},"content":{"rendered":"<p><em><strong>Los economistas Jos\u00e9 Luis Espert, Daniel Artana y Roberto Cachanosky calificaron de &#8220;bruto&#8221; al diputado del Frente Renovador<\/strong><\/em><\/p>\n<p>&nbsp;<\/p>\n<p>&nbsp;<\/p>\n<p>&nbsp;<\/p>\n<p>El diputado Sergio Massa<strong>\u00a0<\/strong>present\u00f3 un proyecto para suspender importaciones por 120 d\u00edas para &#8220;defender el trabajo local&#8221;. Pero la propuesta del fundador del Frente Renovador no cay\u00f3 bien entre los economistas que defienden al Gobierno.<\/p>\n<p>Daniel Artana, economista jefe de FIEL, opin\u00f3 que el proyecto es &#8220;una gran pavada&#8221; y lo consider\u00f3 &#8220;de la \u00e9poca de las cavernas&#8221;. &#8220;Me parece una gran pavada, una cuesti\u00f3n oportunista que habla mal de Massa y de la gente que lo ha propuesto. La Argentina no tiene un problema de importaciones, es uno de los pa\u00edses que menos importa en el mundo. Adem\u00e1s, no es que se han abierto, no hay un boom&#8221;, afirm\u00f3 el economista en radio Belgrano.<\/p>\n<p>Artana opin\u00f3 que el nivel de importaciones de consumo &#8220;es absurdamente bajo&#8221; y record\u00f3 que &#8220;la industria hace cuatro a\u00f1os que no crece&#8221;. &#8220;El problema no tiene que ver con las importaciones&#8221;, dijo.<\/p>\n<p>Jos\u00e9 Luis Espert\u00a0tild\u00f3 a Massa de &#8220;bruto&#8221; por su propuesta. &#8220;Massa en Animales Sueltos dice que quiere cerrar importaciones porque los precios internos son altos porque los impuestos son altos. Bruto con ganas&#8221;, escribi\u00f3 en su cuenta de Twitter.<\/p>\n<p>Adem\u00e1s,\u00a0Roberto Cachanosky\u00a0opin\u00f3 por la misma red social que el problema de la econom\u00eda no son las importaciones, sino que &#8220;es el sector p\u00fablico q le quita competitividad al sector privado&#8221;.<\/p>\n","protected":false},"excerpt":{"rendered":"<p>Los economistas Jos\u00e9 Luis Espert, Daniel Artana y Roberto Cachanosky calificaron de &#8220;bruto&#8221; al diputado del Frente Renovador &nbsp; &nbsp; &nbsp; El diputado Sergio Massa\u00a0present\u00f3 un proyecto para suspender importaciones por 120 d\u00edas para &#8220;defender el trabajo local&#8221;. Pero la propuesta del fundador del Frente Renovador no cay\u00f3 bien entre los economistas que defienden al Gobierno. Daniel Artana, economista jefe de FIEL, opin\u00f3 que el proyecto es &#8220;una gran pavada&#8221; y lo consider\u00f3 &#8220;de la \u00e9poca de las cavernas&#8221;. &#8220;Me parece una gran pavada, una cuesti\u00f3n oportunista que habla mal&#8230;<\/p>\n","protected":false},"author":3,"featured_media":791,"comment_status":"closed","ping_status":"closed","sticky":false,"template":"","format":"standard","meta":[],"categories":[18],"tags":[],"_links":{"self":[{"href":"https:\/\/www.actualidadadiario.com\/index.php\/wp-json\/wp\/v2\/posts\/790"}],"collection":[{"href":"https:\/\/www.actualidadadiario.com\/index.php\/wp-json\/wp\/v2\/posts"}],"about":[{"href":"https:\/\/www.actualidadadiario.com\/index.php\/wp-json\/wp\/v2\/types\/post"}],"author":[{"embeddable":true,"href":"https:\/\/www.actualidadadiario.com\/index.php\/wp-json\/wp\/v2\/users\/3"}],"replies":[{"embeddable":true,"href":"https:\/\/www.actualidadadiario.com\/index.php\/wp-json\/wp\/v2\/comments?post=790"}],"version-history":[{"count":1,"href":"https:\/\/www.actualidadadiario.com\/index.php\/wp-json\/wp\/v2\/posts\/790\/revisions"}],"predecessor-version":[{"id":792,"href":"https:\/\/www.actualidadadiario.com\/index.php\/wp-json\/wp\/v2\/posts\/790\/revisions\/792"}],"wp:featuredmedia":[{"embeddable":true,"href":"https:\/\/www.actualidadadiario.com\/index.php\/wp-json\/wp\/v2\/media\/791"}],"wp:attachment":[{"href":"https:\/\/www.actualidadadiario.com\/index.php\/wp-json\/wp\/v2\/media?parent=790"}],"wp:term":[{"taxonomy":"category","embeddable":true,"href":"https:\/\/www.actualidadadiario.com\/index.php\/wp-json\/wp\/v2\/categories?post=790"},{"taxonomy":"post_tag","embeddable":true,"href":"https:\/\/www.actualidadadiario.com\/index.php\/wp-json\/wp\/v2\/tags?post=790"}],"curies":[{"name":"wp","href":"https:\/\/api.w.org\/{rel}","templated":true}]}}