{"id":78998,"date":"2021-10-26T13:33:05","date_gmt":"2021-10-26T16:33:05","guid":{"rendered":"https:\/\/www.actualidadadiario.com\/?p=78998"},"modified":"2021-10-26T13:33:05","modified_gmt":"2021-10-26T16:33:05","slug":"cresto-expone-ante-empresarios-operadores-turisticos-y-comerciantes-entrerrianos","status":"publish","type":"post","link":"https:\/\/www.actualidadadiario.com\/index.php\/2021\/10\/26\/cresto-expone-ante-empresarios-operadores-turisticos-y-comerciantes-entrerrianos\/","title":{"rendered":"Cresto expone ante empresarios, operadores tur\u00edsticos y comerciantes entrerrianos"},"content":{"rendered":"<p style=\"text-align: center;\"><em><strong>Este mi\u00e9rcoles por la ma\u00f1ana, en el Sal\u00f3n Coliseo de la capital entrerriana, el candidato a diputado nacional del Frente de Todos Enrique Cresto expondr\u00e1 ante autoridades e integrantes del Centro Comercial e Industrial de Paran\u00e1, la C\u00e1mara Entrerriana de Turismo y la Federaci\u00f3n Econ\u00f3mica de Entre R\u00edos<\/strong><\/em><\/p>\n<p>&nbsp;<\/p>\n<p>&nbsp;<\/p>\n<p>La invitaci\u00f3n, remitida por estas instituciones a los postulantes al Congreso Nacional en representaci\u00f3n de Entre R\u00edos, propone \u201cuna jornada de debate con los principales actores de la econom\u00eda provincial, representados por las tres asociaciones m\u00e1s representativas de nuestro territorio, donde conviven e interact\u00faan empresarios de los m\u00e1s diversos rubros, tales como industriales, comerciales, gastron\u00f3micos, hoteleros y de servicios\u201d.<\/p>\n<p>&nbsp;<\/p>\n<p><strong>\u00a0\u201cEscuchar y trabajar en equipo\u201d<\/strong><\/p>\n<p>Al respecto, desde el equipo de campa\u00f1a de Cresto hicieron saber que el candidato peronista confirm\u00f3 su participaci\u00f3n en este encuentro desde el primer momento, con la expectativa de \u201cescuchar a los representantes de las c\u00e1maras, hablar de todo lo que se est\u00e1 haciendo y tomar nota de los temas de mayor relevancia e inter\u00e9s en el sector\u201d, adelantaron.<\/p>\n<p>\u201cLa impronta de trabajo de nuestro candidato Enrique Cresto no pasa por hacer promesas ni recetar soluciones m\u00e1gicas. Lo que se pretende en esta reuni\u00f3n es establecer una agenda de trabajo en equipo que profundice la articulaci\u00f3n entre las pol\u00edticas p\u00fablicas de recuperaci\u00f3n y fortalecimiento econ\u00f3mico con el profundo conocimiento de la realidad que tienen los representantes de estos sectores, siempre con una mirada amplia e innovadora del futuro de Entre R\u00edos y de todo lo que podemos lograr trabajando en equipo\u201d, destacaron desde la coordinaci\u00f3n electoral del Frente de Todos.<\/p>\n","protected":false},"excerpt":{"rendered":"<p>Este mi\u00e9rcoles por la ma\u00f1ana, en el Sal\u00f3n Coliseo de la capital entrerriana, el candidato a diputado nacional del Frente de Todos Enrique Cresto expondr\u00e1 ante autoridades e integrantes del Centro Comercial e Industrial de Paran\u00e1, la C\u00e1mara Entrerriana de Turismo y la Federaci\u00f3n Econ\u00f3mica de Entre R\u00edos &nbsp; &nbsp; La invitaci\u00f3n, remitida por estas instituciones a los postulantes al Congreso Nacional en representaci\u00f3n de Entre R\u00edos, propone \u201cuna jornada de debate con los principales actores de la econom\u00eda provincial, representados por las tres asociaciones m\u00e1s representativas de nuestro territorio,&#8230;<\/p>\n","protected":false},"author":3,"featured_media":78999,"comment_status":"closed","ping_status":"closed","sticky":false,"template":"","format":"standard","meta":[],"categories":[15],"tags":[],"_links":{"self":[{"href":"https:\/\/www.actualidadadiario.com\/index.php\/wp-json\/wp\/v2\/posts\/78998"}],"collection":[{"href":"https:\/\/www.actualidadadiario.com\/index.php\/wp-json\/wp\/v2\/posts"}],"about":[{"href":"https:\/\/www.actualidadadiario.com\/index.php\/wp-json\/wp\/v2\/types\/post"}],"author":[{"embeddable":true,"href":"https:\/\/www.actualidadadiario.com\/index.php\/wp-json\/wp\/v2\/users\/3"}],"replies":[{"embeddable":true,"href":"https:\/\/www.actualidadadiario.com\/index.php\/wp-json\/wp\/v2\/comments?post=78998"}],"version-history":[{"count":1,"href":"https:\/\/www.actualidadadiario.com\/index.php\/wp-json\/wp\/v2\/posts\/78998\/revisions"}],"predecessor-version":[{"id":79000,"href":"https:\/\/www.actualidadadiario.com\/index.php\/wp-json\/wp\/v2\/posts\/78998\/revisions\/79000"}],"wp:featuredmedia":[{"embeddable":true,"href":"https:\/\/www.actualidadadiario.com\/index.php\/wp-json\/wp\/v2\/media\/78999"}],"wp:attachment":[{"href":"https:\/\/www.actualidadadiario.com\/index.php\/wp-json\/wp\/v2\/media?parent=78998"}],"wp:term":[{"taxonomy":"category","embeddable":true,"href":"https:\/\/www.actualidadadiario.com\/index.php\/wp-json\/wp\/v2\/categories?post=78998"},{"taxonomy":"post_tag","embeddable":true,"href":"https:\/\/www.actualidadadiario.com\/index.php\/wp-json\/wp\/v2\/tags?post=78998"}],"curies":[{"name":"wp","href":"https:\/\/api.w.org\/{rel}","templated":true}]}}