{"id":78993,"date":"2021-10-26T13:31:36","date_gmt":"2021-10-26T16:31:36","guid":{"rendered":"https:\/\/www.actualidadadiario.com\/?p=78993"},"modified":"2021-10-26T13:31:36","modified_gmt":"2021-10-26T16:31:36","slug":"hubo-reunion-con-representantes-de-supermercados-y-avanza-el-control-de-precios-en-la-provincia","status":"publish","type":"post","link":"https:\/\/www.actualidadadiario.com\/index.php\/2021\/10\/26\/hubo-reunion-con-representantes-de-supermercados-y-avanza-el-control-de-precios-en-la-provincia\/","title":{"rendered":"Hubo reuni\u00f3n con representantes de supermercados y avanza el control de precios en la provincia"},"content":{"rendered":"<p style=\"text-align: center;\"><em><strong>En la Direcci\u00f3n General de Defensa del Consumidor y Lealtad Comercial se realiz\u00f3 una reuni\u00f3n con Guillermo Bello (COTO), Ariel Bachi (Carrefour), Adri\u00e1n Britos (Cencosud) y Carlos Campos (Chango Mas). Las grandes cadenas ya se est\u00e1n adecuando al congelamiento de precios. Niegan la posibilidad de que pueda haber desabastecimiento<\/strong><\/em><\/p>\n<p>&nbsp;<\/p>\n<p>&nbsp;<\/p>\n<p>La Secretar\u00eda de Comercio Interior de la Naci\u00f3n emiti\u00f3 una resoluci\u00f3n, n\u00famero 1050, que establece la fijaci\u00f3n temporal de precios m\u00e1ximos de venta al consumidor para todos los productores, comercializadores y distribuidores de 1.432 productos de consumo masivo en todo el territorio nacional.<\/p>\n<p>En ese marco, el Gobierno provincial gestiona la implementaci\u00f3n de la medida a trav\u00e9s de la cual se fijan por 90 d\u00edas los precios de venta al consumidor 1.432 productos de consumo masivo en el pa\u00eds.<\/p>\n<p>En consecuencia, se desarroll\u00f3 un primer encuentro en las oficinas de la Direcci\u00f3n General de Defensa del Consumidor y Lealtad Comercial de la capital provincial, en el cual se avanz\u00f3 sobre la implementaci\u00f3n de tales controles.<\/p>\n<p>En representaci\u00f3n del sector privado participaron Guillermo Bello, de Coto; Ariel Bachi, de Carrefour; Adri\u00e1n Britos, de Cencosud; y Carlos Campos de Chango Mas.<\/p>\n<p>El secretario de Industria y Comercio, Fernando Caviglia, se manifest\u00f3 \u201cconforme con la predisposici\u00f3n de las grandes cadenas con el trabajo que se lleva adelante\u201d.<\/p>\n<p>El funcionario puso en valor que priorizan a los consumidores, que, dijo, \u201cson los que ver\u00e1n plasmados los precios en las g\u00f3ndolas y reactivar\u00e1n el consumo siempre dentro de las posibilidades de cada uno\u201d.<\/p>\n<p>Precis\u00f3 que los controles de precios tienen que ser transitorios, pero deben intervenir en la puja distributiva y en casi todos los casos generaron una fuerte expansi\u00f3n del consumo.<\/p>\n<p>Por su parte, el director General de Defensa del Consumidor y Lealtad Comercial, Pablo Luciano, remarc\u00f3 el compromiso del Gobierno de la Provincia de defender el poder adquisitivo de los entrerrianos y de trabajar coordinadamente con los municipios, organizaciones de la sociedad civil y el sector privado.<\/p>\n<p>Aport\u00f3 que las grandes cadenas ya se est\u00e1n adecuando a lo normado por la resoluci\u00f3n 1050 y manifest\u00f3 que en la reuni\u00f3n del Consejo Federal de Comercio Interior tendr\u00e1n mayor precisi\u00f3n sobre los instrumentos espec\u00edficos que se pondr\u00e1n a disposici\u00f3n y podr\u00e1n informar a los movimientos sociales de la provincia.<\/p>\n<p>\u201cFundamentalmente tenemos que llevar tranquilidad a la poblaci\u00f3n sobre el abastecimiento. No existe ning\u00fan condicionante en el funcionamiento del mercado para que se altere la normal producci\u00f3n y distribuci\u00f3n de productos, ni macroecon\u00f3micos ni de restricciones de circulaci\u00f3n como ocurri\u00f3 al inicio de la pandemia, por lo que las f\u00e1bricas pueden producir sin problemas\u201d explico Luciano.<\/p>\n<p>Record\u00f3 que la provincia y los municipios tienen facultades para actuar. Incluso se ha dispuesto el n\u00famero de tel\u00e9fono 0800-444-8256 para que los consumidores dejen sus reclamos.<\/p>\n<p>Aport\u00f3 que incorporar\u00e1n otras v\u00edas de comunicaci\u00f3n para reforzar el compromiso de todos para que el acuerdo se cumpla y se respeten los derechos y obligaciones de los consumidores.<\/p>\n","protected":false},"excerpt":{"rendered":"<p>En la Direcci\u00f3n General de Defensa del Consumidor y Lealtad Comercial se realiz\u00f3 una reuni\u00f3n con Guillermo Bello (COTO), Ariel Bachi (Carrefour), Adri\u00e1n Britos (Cencosud) y Carlos Campos (Chango Mas). Las grandes cadenas ya se est\u00e1n adecuando al congelamiento de precios. Niegan la posibilidad de que pueda haber desabastecimiento &nbsp; &nbsp; La Secretar\u00eda de Comercio Interior de la Naci\u00f3n emiti\u00f3 una resoluci\u00f3n, n\u00famero 1050, que establece la fijaci\u00f3n temporal de precios m\u00e1ximos de venta al consumidor para todos los productores, comercializadores y distribuidores de 1.432 productos de consumo masivo en&#8230;<\/p>\n","protected":false},"author":3,"featured_media":67654,"comment_status":"closed","ping_status":"closed","sticky":false,"template":"","format":"standard","meta":[],"categories":[15],"tags":[],"_links":{"self":[{"href":"https:\/\/www.actualidadadiario.com\/index.php\/wp-json\/wp\/v2\/posts\/78993"}],"collection":[{"href":"https:\/\/www.actualidadadiario.com\/index.php\/wp-json\/wp\/v2\/posts"}],"about":[{"href":"https:\/\/www.actualidadadiario.com\/index.php\/wp-json\/wp\/v2\/types\/post"}],"author":[{"embeddable":true,"href":"https:\/\/www.actualidadadiario.com\/index.php\/wp-json\/wp\/v2\/users\/3"}],"replies":[{"embeddable":true,"href":"https:\/\/www.actualidadadiario.com\/index.php\/wp-json\/wp\/v2\/comments?post=78993"}],"version-history":[{"count":1,"href":"https:\/\/www.actualidadadiario.com\/index.php\/wp-json\/wp\/v2\/posts\/78993\/revisions"}],"predecessor-version":[{"id":78994,"href":"https:\/\/www.actualidadadiario.com\/index.php\/wp-json\/wp\/v2\/posts\/78993\/revisions\/78994"}],"wp:featuredmedia":[{"embeddable":true,"href":"https:\/\/www.actualidadadiario.com\/index.php\/wp-json\/wp\/v2\/media\/67654"}],"wp:attachment":[{"href":"https:\/\/www.actualidadadiario.com\/index.php\/wp-json\/wp\/v2\/media?parent=78993"}],"wp:term":[{"taxonomy":"category","embeddable":true,"href":"https:\/\/www.actualidadadiario.com\/index.php\/wp-json\/wp\/v2\/categories?post=78993"},{"taxonomy":"post_tag","embeddable":true,"href":"https:\/\/www.actualidadadiario.com\/index.php\/wp-json\/wp\/v2\/tags?post=78993"}],"curies":[{"name":"wp","href":"https:\/\/api.w.org\/{rel}","templated":true}]}}