{"id":78988,"date":"2021-10-26T13:29:58","date_gmt":"2021-10-26T16:29:58","guid":{"rendered":"https:\/\/www.actualidadadiario.com\/?p=78988"},"modified":"2021-10-26T13:29:58","modified_gmt":"2021-10-26T16:29:58","slug":"entre-el-viernes-y-este-lunes-se-registraron-51-nuevos-casos-de-covid-19-en-entre-rios","status":"publish","type":"post","link":"https:\/\/www.actualidadadiario.com\/index.php\/2021\/10\/26\/entre-el-viernes-y-este-lunes-se-registraron-51-nuevos-casos-de-covid-19-en-entre-rios\/","title":{"rendered":"Entre el viernes y este lunes se registraron 51 nuevos casos de Covid-19 en Entre R\u00edos"},"content":{"rendered":"<p style=\"text-align: center;\"><em><strong>El \u00e1rea de Vigilancia Epidemiol\u00f3gica del Ministerio de Salud inform\u00f3 que en Entre R\u00edos, entre el viernes 22 y este lunes 25 de octubre se registraron 51 nuevos casos de Coronavirus. Gualeguaych\u00fa fue el departamento que m\u00e1s casos tuvo \u00b7 Tambi\u00e9n hubo dos muertes<\/strong><\/em><\/p>\n<p>&nbsp;<\/p>\n<p>&nbsp;<\/p>\n<p><strong>Los casos se distribuyen de la siguiente manera:<\/strong><\/p>\n<p><strong>Departamento Gualeguaych\u00fa:<\/strong> <strong>13<\/strong><\/p>\n<p>Ciudad de Gualeguaych\u00fa\u00a0\u00a0\u00a0\u00a0 12<\/p>\n<p>Urdinarrain\u00a0\u00a0\u00a0 1<\/p>\n<p>&nbsp;<\/p>\n<p><strong>Departamento Paran\u00e1: 11<\/strong><\/p>\n<p>Ciudad de Paran\u00e1\u00a0\u00a0 10<\/p>\n<p>Viale\u00a0\u00a0 1<\/p>\n<p>&nbsp;<\/p>\n<p><strong>Departamento Diamante: 10<\/strong><\/p>\n<p>Ciudad de Diamante\u00a0\u00a0 \u00a010<\/p>\n<p>&nbsp;<\/p>\n<p><strong>Departamento Uruguay: 6<\/strong><\/p>\n<p>Concepci\u00f3n del Uruguay\u00a0\u00a0\u00a0 3<\/p>\n<p>Basavilbaso\u00a0\u00a0 2<\/p>\n<p>Villa Mantero\u00a0\u00a0 1<\/p>\n<p>&nbsp;<\/p>\n<p><strong>Departamento Concordia: 3<\/strong><\/p>\n<p>Ciudad de Concordia\u00a0\u00a0\u00a0 3<\/p>\n<p>&nbsp;<\/p>\n<p><strong>Departamento Islas: 3<\/strong><\/p>\n<p>Mazaruca\u00a0\u00a0\u00a0\u00a0 3<\/p>\n<p>&nbsp;<\/p>\n<p><strong>Departamento Federaci\u00f3n: 1<\/strong><\/p>\n<p>Chajar\u00ed\u00a0\u00a0\u00a0 1<\/p>\n<p>&nbsp;<\/p>\n<p><strong>Departamento Feliciano: 1<\/strong><\/p>\n<p>San Jos\u00e9 de Feliciano\u00a0\u00a0\u00a0 1<\/p>\n<p>&nbsp;<\/p>\n<p><strong>Departamento Nogoy\u00e1: 1<\/strong><\/p>\n<p>Aranguren\u00a0\u00a0 1<\/p>\n<p>&nbsp;<\/p>\n<p><strong>Departamento Tala: 1<\/strong><\/p>\n<p>Rosario del Tala\u00a0\u00a0\u00a0 1<\/p>\n<p>&nbsp;<\/p>\n<p><strong>Departamento Victoria: 1<\/strong><\/p>\n<p>Ciudad de Victoria\u00a0\u00a0\u00a0 1<\/p>\n<p>&nbsp;<\/p>\n<p>Desde el \u00e1rea de Vigilancia Epidemiol\u00f3gica se aclara que 11 de los casos confirmados registrados en el reporte del d\u00eda tienen su correlato con registros anteriores al mes en curso. Corresponden a las localidades de: Gualeguaych\u00fa (7), Basavilbaso (1), Mazaruca (1), San Jos\u00e9 de Feliciano (1), Villa Mantero (1).<\/p>\n<p>De ese modo, en la provincia son 138.060 los casos confirmados.<\/p>\n<p>&nbsp;<\/p>\n<p><strong>Decesos<\/strong><\/p>\n<p>Se registraron en la provincia dos fallecimientos por Coronavirus. Se trata de un hombre oriundo de Paran\u00e1 y de una mujer procedente de Santa Elena (departamento La Paz).<\/p>\n<p>Desde el \u00e1rea de Vigilancia Epidemiol\u00f3gica se aclara que dichos registros fueron actualizados recientemente en la base de datos, ya que se produjeron en meses anteriores.<\/p>\n<p>De esta manera, en la provincia son 2.448 los fallecidos por Covid-19.<\/p>\n","protected":false},"excerpt":{"rendered":"<p>El \u00e1rea de Vigilancia Epidemiol\u00f3gica del Ministerio de Salud inform\u00f3 que en Entre R\u00edos, entre el viernes 22 y este lunes 25 de octubre se registraron 51 nuevos casos de Coronavirus. Gualeguaych\u00fa fue el departamento que m\u00e1s casos tuvo \u00b7 Tambi\u00e9n hubo dos muertes &nbsp; &nbsp; Los casos se distribuyen de la siguiente manera: Departamento Gualeguaych\u00fa: 13 Ciudad de Gualeguaych\u00fa\u00a0\u00a0\u00a0\u00a0 12 Urdinarrain\u00a0\u00a0\u00a0 1 &nbsp; Departamento Paran\u00e1: 11 Ciudad de Paran\u00e1\u00a0\u00a0 10 Viale\u00a0\u00a0 1 &nbsp; Departamento Diamante: 10 Ciudad de Diamante\u00a0\u00a0 \u00a010 &nbsp; Departamento Uruguay: 6 Concepci\u00f3n del Uruguay\u00a0\u00a0\u00a0 3 Basavilbaso\u00a0\u00a0&#8230;<\/p>\n","protected":false},"author":3,"featured_media":62875,"comment_status":"closed","ping_status":"closed","sticky":false,"template":"","format":"standard","meta":[],"categories":[15],"tags":[],"_links":{"self":[{"href":"https:\/\/www.actualidadadiario.com\/index.php\/wp-json\/wp\/v2\/posts\/78988"}],"collection":[{"href":"https:\/\/www.actualidadadiario.com\/index.php\/wp-json\/wp\/v2\/posts"}],"about":[{"href":"https:\/\/www.actualidadadiario.com\/index.php\/wp-json\/wp\/v2\/types\/post"}],"author":[{"embeddable":true,"href":"https:\/\/www.actualidadadiario.com\/index.php\/wp-json\/wp\/v2\/users\/3"}],"replies":[{"embeddable":true,"href":"https:\/\/www.actualidadadiario.com\/index.php\/wp-json\/wp\/v2\/comments?post=78988"}],"version-history":[{"count":1,"href":"https:\/\/www.actualidadadiario.com\/index.php\/wp-json\/wp\/v2\/posts\/78988\/revisions"}],"predecessor-version":[{"id":78989,"href":"https:\/\/www.actualidadadiario.com\/index.php\/wp-json\/wp\/v2\/posts\/78988\/revisions\/78989"}],"wp:featuredmedia":[{"embeddable":true,"href":"https:\/\/www.actualidadadiario.com\/index.php\/wp-json\/wp\/v2\/media\/62875"}],"wp:attachment":[{"href":"https:\/\/www.actualidadadiario.com\/index.php\/wp-json\/wp\/v2\/media?parent=78988"}],"wp:term":[{"taxonomy":"category","embeddable":true,"href":"https:\/\/www.actualidadadiario.com\/index.php\/wp-json\/wp\/v2\/categories?post=78988"},{"taxonomy":"post_tag","embeddable":true,"href":"https:\/\/www.actualidadadiario.com\/index.php\/wp-json\/wp\/v2\/tags?post=78988"}],"curies":[{"name":"wp","href":"https:\/\/api.w.org\/{rel}","templated":true}]}}